{"id":146551,"date":"2018-04-21T08:30:27","date_gmt":"2018-04-21T05:30:27","guid":{"rendered":"https:\/\/www.sana.sy\/tr\/?p=146551"},"modified":"2018-04-22T14:38:50","modified_gmt":"2018-04-22T11:38:50","slug":"savas-muhabiri-sehit-dustu-4","status":"publish","type":"post","link":"https:\/\/archive.sana.sy\/tr\/?p=146551","title":{"rendered":"Sava\u015f Muhabiri \u015eehit D\u00fc\u015ft\u00fc"},"content":{"rendered":"<p>\u015eAM \u2013 \u00c7e\u00e7en Grozny Radyo Televizyon \u015eebekesinin sava\u015f muhabiri \u0130yhab Bellan \u015eam\u2019\u0131n g\u00fcney kenarlar\u0131nda ordu birliklerimizin ter\u00f6re kar\u015f\u0131 operasyonlar\u0131n\u0131 takip ederken ter\u00f6ristlerin a\u00e7t\u0131klar\u0131 ate\u015f sonucunda \u015fehit d\u00fc\u015ft\u00fc.<\/p>\n<p>SANA\u2019n\u0131n sava\u015f muhabiri Bellan\u2019\u0131n d\u00fcn \u015eam\u2019\u0131n g\u00fcneyinde ter\u00f6re kar\u015f\u0131 operasyonlar\u0131 takip etti\u011fi s\u0131rada ter\u00f6ristlerin a\u00e7t\u0131klar\u0131 ate\u015f sonucunda \u015fehit d\u00fc\u015ft\u00fc\u011f\u00fcn\u00fc belirtti.<\/p>\n<p>Ter\u00f6r \u00f6rg\u00fctleri ordu birliklerimiz kar\u015f\u0131s\u0131nda a\u011f\u0131r kay\u0131plar\u0131n\u0131 \u00f6rtbas etmek ve yalan dolanlar\u0131n\u0131n d\u00fcnya kamuoyu \u00f6n\u00fcnde de\u015fifre edilmesini engellemek i\u00e7in s\u00fcrekli olarak bas\u0131n mensuplar\u0131n\u0131 hedef almaya \u00e7al\u0131\u015f\u0131yor.<\/p>\n","protected":false},"excerpt":{"rendered":"<p>\u015eAM \u2013 \u00c7e\u00e7en Grozny Radyo Televizyon \u015eebekesinin sava\u015f muhabiri \u0130yhab Bellan \u015eam\u2019\u0131n g\u00fcney kenarlar\u0131nda ordu birliklerimizin ter\u00f6re kar\u015f\u0131 operasyonlar\u0131n\u0131 takip ederken ter\u00f6ristlerin a\u00e7t\u0131klar\u0131 ate\u015f sonucunda \u015fehit d\u00fc\u015ft\u00fc. SANA\u2019n\u0131n sava\u015f muhabiri Bellan\u2019\u0131n d\u00fcn \u015eam\u2019\u0131n g\u00fcneyinde ter\u00f6re kar\u015f\u0131 operasyonlar\u0131 takip etti\u011fi s\u0131rada ter\u00f6ristlerin a\u00e7t\u0131klar\u0131 ate\u015f sonucunda \u015fehit d\u00fc\u015ft\u00fc\u011f\u00fcn\u00fc belirtti. Ter\u00f6r \u00f6rg\u00fctleri ordu birliklerimiz kar\u015f\u0131s\u0131nda a\u011f\u0131r kay\u0131plar\u0131n\u0131 \u00f6rtbas &hellip;<\/p>\n","protected":false},"author":1,"featured_media":146552,"comment_status":"closed","ping_status":"closed","sticky":false,"template":"","format":"standard","meta":{"footnotes":""},"categories":[479,575,17988,478],"tags":[35919,2755,2297,35918,16591,19034],"class_list":["post-146551","post","type-post","status-publish","format-standard","has-post-thumbnail","","category-haberler-yerel","category-olaylar-ve-gercekler","category-son-haberler","category-yerel","tag-grozny-radyo-televizyon-sebekesi","tag-sam","tag-sam-kirsali","tag-savas-muhabiri","tag-suriye","tag-suriyeli-muhalifler"],"_links":{"self":[{"href":"https:\/\/archive.sana.sy\/tr\/index.php?rest_route=\/wp\/v2\/posts\/146551","targetHints":{"allow":["GET"]}}],"collection":[{"href":"https:\/\/archive.sana.sy\/tr\/index.php?rest_route=\/wp\/v2\/posts"}],"about":[{"href":"https:\/\/archive.sana.sy\/tr\/index.php?rest_route=\/wp\/v2\/types\/post"}],"author":[{"embeddable":true,"href":"https:\/\/archive.sana.sy\/tr\/index.php?rest_route=\/wp\/v2\/users\/1"}],"replies":[{"embeddable":true,"href":"https:\/\/archive.sana.sy\/tr\/index.php?rest_route=%2Fwp%2Fv2%2Fcomments&post=146551"}],"version-history":[{"count":0,"href":"https:\/\/archive.sana.sy\/tr\/index.php?rest_route=\/wp\/v2\/posts\/146551\/revisions"}],"wp:featuredmedia":[{"embeddable":true,"href":"https:\/\/archive.sana.sy\/tr\/index.php?rest_route=\/wp\/v2\/media\/146552"}],"wp:attachment":[{"href":"https:\/\/archive.sana.sy\/tr\/index.php?rest_route=%2Fwp%2Fv2%2Fmedia&parent=146551"}],"wp:term":[{"taxonomy":"category","embeddable":true,"href":"https:\/\/archive.sana.sy\/tr\/index.php?rest_route=%2Fwp%2Fv2%2Fcategories&post=146551"},{"taxonomy":"post_tag","embeddable":true,"href":"https:\/\/archive.sana.sy\/tr\/index.php?rest_route=%2Fwp%2Fv2%2Ftags&post=146551"}],"curies":[{"name":"wp","href":"https:\/\/api.w.org\/{rel}","templated":true}]}}