{"id":146554,"date":"2018-04-21T12:39:57","date_gmt":"2018-04-21T09:39:57","guid":{"rendered":"https:\/\/www.sana.sy\/tr\/?p=146554"},"modified":"2018-04-22T14:36:14","modified_gmt":"2018-04-22T11:36:14","slug":"uclu-saldiri-bir-savas-sucudur","status":"publish","type":"post","link":"https:\/\/archive.sana.sy\/tr\/?p=146554","title":{"rendered":"\u00dc\u00e7l\u00fc Sald\u0131r\u0131 Bir Sava\u015f Su\u00e7udur"},"content":{"rendered":"<p>ROMA \u2013 \u0130talya\u2019da Suriyeli gurbet\u00e7iler temsilcileri, Avrupa Suriye&#8217;yi Savunma Cephesi ve Solied Organizasyonunun yan\u0131 s\u0131ra \u0130talyan siyasi partili ve medyac\u0131 bariz \u015fahsiyetler Roma ve Napoli \u015fehirlerinde e\u015f zamanl\u0131 olarak d\u00fczenledikleri iki eylemde Suriye ile dayan\u0131\u015fmalar\u0131n\u0131 vurgulad\u0131.<\/p>\n<p><img loading=\"lazy\" decoding=\"async\" class=\"alignright wp-image-146569 size-medium\" src=\"https:\/\/www.sana.sy\/tr\/wp-content\/uploads\/2018\/04\/222-300x179.jpg\" alt=\"\" width=\"300\" height=\"179\" srcset=\"https:\/\/archive.sana.sy\/tr\/wp-content\/uploads\/2018\/04\/222-300x179.jpg 300w, https:\/\/archive.sana.sy\/tr\/wp-content\/uploads\/2018\/04\/222-150x89.jpg 150w, https:\/\/archive.sana.sy\/tr\/wp-content\/uploads\/2018\/04\/222-768x457.jpg 768w, https:\/\/archive.sana.sy\/tr\/wp-content\/uploads\/2018\/04\/222-1024x609.jpg 1024w, https:\/\/archive.sana.sy\/tr\/wp-content\/uploads\/2018\/04\/222.jpg 1200w\" sizes=\"auto, (max-width: 300px) 100vw, 300px\" \/><\/p>\n<p>G\u00f6stericiler ABD, \u0130ngiltere ve Fransa\u2019n\u0131n 14 Nisan tarihinde Suriye&#8217;ye bulunduklar\u0131 \u00fc\u00e7l\u00fc sald\u0131r\u0131y\u0131 keskin bir dille k\u0131nad\u0131. \u201cSuriye&#8217;ye kar\u015f\u0131 ABD f\u00fczeleri ter\u00f6re destek f\u00fczeleridir\u201d, \u201csava\u015fa hay\u0131r\u201d, \u201cSuriye&#8217;den elinizi \u00e7ekin\u201d ve \u201cTrump evine git\u201d sloganl\u0131 pankartlar ta\u015f\u0131yan g\u00f6stericiler Suriye&#8217;nin egemenli\u011fi ve toprak b\u00fct\u00fcnl\u00fc\u011f\u00fcn\u00fc hedef alacak herhangi bir icraata kar\u015f\u0131 tutumlar\u0131n\u0131n alt\u0131n\u0131 \u00e7izdi.<\/p>\n<p>G\u00f6stericiler ABD, \u0130ngiltere ve Fransa\u2019n\u0131n Suriye ve halk\u0131na y\u00f6nelik sald\u0131r\u0131lar\u0131n\u0131n uluslar aras\u0131 kanunlar ve BM misak\u0131na ayk\u0131r\u0131 oldu\u011funu, kelimenin tam anlam\u0131yla bir sava\u015f su\u00e7u niteli\u011finde oldu\u011funu vurgulad\u0131. Sald\u0131r\u0131n\u0131n sadece Suriye ve Ortado\u011fu de\u011fil, t\u00fcm d\u00fcnya ve halklar\u0131n\u0131n g\u00fcvenli\u011fine tehdit te\u015fkil etti\u011fini belirten g\u00f6stericiler; Suriye krizinin \u00e7\u00f6z\u00fcm\u00fcnde BM\u2019den nezih ve tarafs\u0131z bir rol oynamas\u0131n\u0131 talep etti.<\/p>\n","protected":false},"excerpt":{"rendered":"<p>ROMA \u2013 \u0130talya\u2019da Suriyeli gurbet\u00e7iler temsilcileri, Avrupa Suriye&#8217;yi Savunma Cephesi ve Solied Organizasyonunun yan\u0131 s\u0131ra \u0130talyan siyasi partili ve medyac\u0131 bariz \u015fahsiyetler Roma ve Napoli \u015fehirlerinde e\u015f zamanl\u0131 olarak d\u00fczenledikleri iki eylemde Suriye ile dayan\u0131\u015fmalar\u0131n\u0131 vurgulad\u0131. G\u00f6stericiler ABD, \u0130ngiltere ve Fransa\u2019n\u0131n 14 Nisan tarihinde Suriye&#8217;ye bulunduklar\u0131 \u00fc\u00e7l\u00fc sald\u0131r\u0131y\u0131 keskin bir dille k\u0131nad\u0131. \u201cSuriye&#8217;ye kar\u015f\u0131 ABD &hellip;<\/p>\n","protected":false},"author":1,"featured_media":146570,"comment_status":"closed","ping_status":"closed","sticky":false,"template":"","format":"standard","meta":{"footnotes":""},"categories":[458,459,17988],"tags":[24099,2755,16591,19822,22181,19314,35843],"class_list":["post-146554","post","type-post","status-publish","format-standard","has-post-thumbnail","","category-dunya1","category-haberler-arap-uluslararasi-politika","category-son-haberler","tag-abd-saldirisi","tag-sam","tag-suriye","tag-suriyeli-gurbetciler","tag-suriyeliler","tag-suriyeye-saldiri","tag-uclu-saldiri"],"_links":{"self":[{"href":"https:\/\/archive.sana.sy\/tr\/index.php?rest_route=\/wp\/v2\/posts\/146554","targetHints":{"allow":["GET"]}}],"collection":[{"href":"https:\/\/archive.sana.sy\/tr\/index.php?rest_route=\/wp\/v2\/posts"}],"about":[{"href":"https:\/\/archive.sana.sy\/tr\/index.php?rest_route=\/wp\/v2\/types\/post"}],"author":[{"embeddable":true,"href":"https:\/\/archive.sana.sy\/tr\/index.php?rest_route=\/wp\/v2\/users\/1"}],"replies":[{"embeddable":true,"href":"https:\/\/archive.sana.sy\/tr\/index.php?rest_route=%2Fwp%2Fv2%2Fcomments&post=146554"}],"version-history":[{"count":0,"href":"https:\/\/archive.sana.sy\/tr\/index.php?rest_route=\/wp\/v2\/posts\/146554\/revisions"}],"wp:featuredmedia":[{"embeddable":true,"href":"https:\/\/archive.sana.sy\/tr\/index.php?rest_route=\/wp\/v2\/media\/146570"}],"wp:attachment":[{"href":"https:\/\/archive.sana.sy\/tr\/index.php?rest_route=%2Fwp%2Fv2%2Fmedia&parent=146554"}],"wp:term":[{"taxonomy":"category","embeddable":true,"href":"https:\/\/archive.sana.sy\/tr\/index.php?rest_route=%2Fwp%2Fv2%2Fcategories&post=146554"},{"taxonomy":"post_tag","embeddable":true,"href":"https:\/\/archive.sana.sy\/tr\/index.php?rest_route=%2Fwp%2Fv2%2Ftags&post=146554"}],"curies":[{"name":"wp","href":"https:\/\/api.w.org\/{rel}","templated":true}]}}