{"id":14656,"date":"2014-11-04T16:34:30","date_gmt":"2014-11-04T14:34:30","guid":{"rendered":"http:\/\/www.sana.sy\/tr\/?p=14656"},"modified":"2014-11-04T16:34:30","modified_gmt":"2014-11-04T14:34:30","slug":"askeri-bir-kaynak-sanaya-aciklamasinda-ordu-birliklerimizin-sam-kirsalinda-han-el-siyhin-cevresinde-yuva-ve-toplanma-yerlerini-hedef-almalariyla-cok-sayida-teroristi-olu-ve-yarali-du","status":"publish","type":"post","link":"https:\/\/archive.sana.sy\/tr\/?p=14656","title":{"rendered":"Askeri bir kaynak SANA\u2019ya a\u00e7\u0131klamas\u0131nda ordu birliklerimizin \u015eam k\u0131rsal\u0131nda Han el \u015eiyh\u2019in \u00e7evresinde yuva ve toplanma yerlerini hedef almalar\u0131yla \u00e7ok say\u0131da ter\u00f6risti \u00f6l\u00fc ve yaral\u0131 d\u00fc\u015f\u00fcrd\u00fcklerini ifade etti."},"content":{"rendered":"<p>Askeri bir kaynak SANA\u2019ya a\u00e7\u0131klamas\u0131nda ordu birliklerimizin \u015eam k\u0131rsal\u0131nda Han el \u015eiyh\u2019in \u00e7evresinde yuva ve toplanma yerlerini hedef almalar\u0131yla \u00e7ok say\u0131da ter\u00f6risti \u00f6l\u00fc ve yaral\u0131 d\u00fc\u015f\u00fcrd\u00fcklerini ifade etti.<\/p>\n","protected":false},"excerpt":{"rendered":"<p>Askeri bir kaynak SANA\u2019ya a\u00e7\u0131klamas\u0131nda ordu birliklerimizin \u015eam k\u0131rsal\u0131nda Han el \u015eiyh\u2019in \u00e7evresinde yuva ve toplanma yerlerini hedef almalar\u0131yla \u00e7ok say\u0131da ter\u00f6risti \u00f6l\u00fc ve yaral\u0131 d\u00fc\u015f\u00fcrd\u00fcklerini ifade etti.<\/p>\n","protected":false},"author":1,"featured_media":0,"comment_status":"closed","ping_status":"closed","sticky":false,"template":"","format":"standard","meta":{"footnotes":""},"categories":[1],"tags":[5022],"class_list":["post-14656","post","type-post","status-publish","format-standard","","category-news-not-sorted","tag-askeri-bir-kaynak-sanaya-aciklamasinda-ordu-birliklerimizin-sam-kirsalinda-han-el-siyhin-cevresinde-yuva-ve-toplanma-yerlerini-hedef-almalariyla-cok-sayida-teroristi-olu-ve-yarali-du"],"_links":{"self":[{"href":"https:\/\/archive.sana.sy\/tr\/index.php?rest_route=\/wp\/v2\/posts\/14656","targetHints":{"allow":["GET"]}}],"collection":[{"href":"https:\/\/archive.sana.sy\/tr\/index.php?rest_route=\/wp\/v2\/posts"}],"about":[{"href":"https:\/\/archive.sana.sy\/tr\/index.php?rest_route=\/wp\/v2\/types\/post"}],"author":[{"embeddable":true,"href":"https:\/\/archive.sana.sy\/tr\/index.php?rest_route=\/wp\/v2\/users\/1"}],"replies":[{"embeddable":true,"href":"https:\/\/archive.sana.sy\/tr\/index.php?rest_route=%2Fwp%2Fv2%2Fcomments&post=14656"}],"version-history":[{"count":0,"href":"https:\/\/archive.sana.sy\/tr\/index.php?rest_route=\/wp\/v2\/posts\/14656\/revisions"}],"wp:attachment":[{"href":"https:\/\/archive.sana.sy\/tr\/index.php?rest_route=%2Fwp%2Fv2%2Fmedia&parent=14656"}],"wp:term":[{"taxonomy":"category","embeddable":true,"href":"https:\/\/archive.sana.sy\/tr\/index.php?rest_route=%2Fwp%2Fv2%2Fcategories&post=14656"},{"taxonomy":"post_tag","embeddable":true,"href":"https:\/\/archive.sana.sy\/tr\/index.php?rest_route=%2Fwp%2Fv2%2Ftags&post=14656"}],"curies":[{"name":"wp","href":"https:\/\/api.w.org\/{rel}","templated":true}]}}