{"id":146563,"date":"2018-04-21T12:58:54","date_gmt":"2018-04-21T09:58:54","guid":{"rendered":"https:\/\/www.sana.sy\/tr\/?p=146563"},"modified":"2018-04-22T14:36:11","modified_gmt":"2018-04-22T11:36:11","slug":"bolgesel-ve-uluslararasi-elit-uzmanlari-bir-araya-getirecek","status":"publish","type":"post","link":"https:\/\/archive.sana.sy\/tr\/?p=146563","title":{"rendered":"B\u00f6lgesel ve Uluslararas\u0131 Elit Uzmanlar\u0131 Bir Araya Getirecek"},"content":{"rendered":"<p>\u015eAM \u2013 Me\u015fhadani Uluslararas\u0131 Fuar ve Konferans Grubu 01 ila 03 Temmuz tarihleri aras\u0131nda Uluslararas\u0131 \u015eam Fuarlar Merkezinde Uluslararas\u0131 Suriye Petrol ve Madeni Servetler Fuar\u0131 SyrPetro Fuar\u0131n\u0131 d\u00fczenliyor.<\/p>\n<p>Me\u015fhadani Grubu Genel M\u00fcd\u00fcr\u00fc Halef Me\u015fhadani SANA\u2019ya yapt\u0131\u011f\u0131 a\u00e7\u0131klamada; petrol ve madeni servetler sekt\u00f6r\u00fcnde son geli\u015fmelere \u0131\u015f\u0131k tutma ve bu sekt\u00f6rde deneyim ve bilgi al\u0131\u015fveri\u015finde bulunma a\u00e7\u0131s\u0131ndan \u00f6nemli bir platform te\u015fkil etti\u011fini belirtti.<\/p>\n<p>Me\u015fhadani fuar\u0131n yerel, b\u00f6lgesel ve uluslar aras\u0131 d\u00fczeyde petrol sekt\u00f6r\u00fcnde elit uzmanlar\u0131 bir araya getirece\u011fine ve Suriye&#8217;de enerji sekt\u00f6r\u00fcne ili\u015fkin vizyon ve \u00f6neriler toplayaca\u011f\u0131na dikkat \u00e7ekti.<\/p>\n<p>Uluslar aras\u0131 d\u00fczeyde petrol ve do\u011falgaz sekt\u00f6r\u00fcndeki modern teknik ve geli\u015fmeler hakk\u0131nda bilgi almada fuar\u0131n ta\u015f\u0131d\u0131\u011f\u0131 \u00f6neme i\u015faret eden Me\u015fhadani, ayn\u0131 zamanda bu ba\u011flamda \u00f6nemli s\u00f6zle\u015fmeler ve anla\u015fmalar\u0131n imzalanmas\u0131na da f\u0131rsat temin edece\u011fini kaydetti.<\/p>\n","protected":false},"excerpt":{"rendered":"<p>\u015eAM \u2013 Me\u015fhadani Uluslararas\u0131 Fuar ve Konferans Grubu 01 ila 03 Temmuz tarihleri aras\u0131nda Uluslararas\u0131 \u015eam Fuarlar Merkezinde Uluslararas\u0131 Suriye Petrol ve Madeni Servetler Fuar\u0131 SyrPetro Fuar\u0131n\u0131 d\u00fczenliyor. Me\u015fhadani Grubu Genel M\u00fcd\u00fcr\u00fc Halef Me\u015fhadani SANA\u2019ya yapt\u0131\u011f\u0131 a\u00e7\u0131klamada; petrol ve madeni servetler sekt\u00f6r\u00fcnde son geli\u015fmelere \u0131\u015f\u0131k tutma ve bu sekt\u00f6rde deneyim ve bilgi al\u0131\u015fveri\u015finde bulunma a\u00e7\u0131s\u0131ndan &hellip;<\/p>\n","protected":false},"author":1,"featured_media":146573,"comment_status":"closed","ping_status":"closed","sticky":false,"template":"","format":"standard","meta":{"footnotes":""},"categories":[485,486,17988],"tags":[4100,35920,35922,2755,16591,18777,22181,35921],"class_list":["post-146563","post","type-post","status-publish","format-standard","has-post-thumbnail","","category-is-ve-sermaye","category-haberler-is-ve-sermaye","category-son-haberler","tag-dogalgaz","tag-petrol-fuari","tag-petrol-sozlesmeleri","tag-sam","tag-suriye","tag-suriye-petrolu","tag-suriyeliler","tag-syrpetro"],"_links":{"self":[{"href":"https:\/\/archive.sana.sy\/tr\/index.php?rest_route=\/wp\/v2\/posts\/146563","targetHints":{"allow":["GET"]}}],"collection":[{"href":"https:\/\/archive.sana.sy\/tr\/index.php?rest_route=\/wp\/v2\/posts"}],"about":[{"href":"https:\/\/archive.sana.sy\/tr\/index.php?rest_route=\/wp\/v2\/types\/post"}],"author":[{"embeddable":true,"href":"https:\/\/archive.sana.sy\/tr\/index.php?rest_route=\/wp\/v2\/users\/1"}],"replies":[{"embeddable":true,"href":"https:\/\/archive.sana.sy\/tr\/index.php?rest_route=%2Fwp%2Fv2%2Fcomments&post=146563"}],"version-history":[{"count":0,"href":"https:\/\/archive.sana.sy\/tr\/index.php?rest_route=\/wp\/v2\/posts\/146563\/revisions"}],"wp:featuredmedia":[{"embeddable":true,"href":"https:\/\/archive.sana.sy\/tr\/index.php?rest_route=\/wp\/v2\/media\/146573"}],"wp:attachment":[{"href":"https:\/\/archive.sana.sy\/tr\/index.php?rest_route=%2Fwp%2Fv2%2Fmedia&parent=146563"}],"wp:term":[{"taxonomy":"category","embeddable":true,"href":"https:\/\/archive.sana.sy\/tr\/index.php?rest_route=%2Fwp%2Fv2%2Fcategories&post=146563"},{"taxonomy":"post_tag","embeddable":true,"href":"https:\/\/archive.sana.sy\/tr\/index.php?rest_route=%2Fwp%2Fv2%2Ftags&post=146563"}],"curies":[{"name":"wp","href":"https:\/\/api.w.org\/{rel}","templated":true}]}}