{"id":146572,"date":"2018-04-21T13:35:53","date_gmt":"2018-04-21T10:35:53","guid":{"rendered":"https:\/\/www.sana.sy\/tr\/?p=146572"},"modified":"2018-04-21T13:35:53","modified_gmt":"2018-04-21T10:35:53","slug":"sam-kirsali-dmayr-bolgesinde-radikal-teror-orgutu-ceysul-islama-ait-yuvalarda-aralarinda-abd-fuzelerinin-bulundugu-buyuk-miktarda-silah-ve-muhimmat-ele-gecirildi","status":"publish","type":"post","link":"https:\/\/archive.sana.sy\/tr\/?p=146572","title":{"rendered":"\u015eam k\u0131rsal\u0131 Dmayr B\u00f6lgesinde radikal ter\u00f6r \u00f6rg\u00fct\u00fc Cey\u015ful \u0130slam\u2019a ait yuvalarda aralar\u0131nda ABD f\u00fczelerinin bulundu\u011fu b\u00fcy\u00fck miktarda silah ve m\u00fchimmat ele ge\u00e7irildi"},"content":{"rendered":"<p>\u015eam k\u0131rsal\u0131 Dmayr B\u00f6lgesinde radikal ter\u00f6r \u00f6rg\u00fct\u00fc Cey\u015ful \u0130slam\u2019a ait yuvalarda aralar\u0131nda ABD f\u00fczelerinin bulundu\u011fu b\u00fcy\u00fck miktarda silah ve m\u00fchimmat ele ge\u00e7irildi<\/p>\n<p>https:\/\/www.youtube.com\/watch?v=P0ZmDbk5ySo<\/p>\n","protected":false},"excerpt":{"rendered":"<p>\u015eam k\u0131rsal\u0131 Dmayr B\u00f6lgesinde radikal ter\u00f6r \u00f6rg\u00fct\u00fc Cey\u015ful \u0130slam\u2019a ait yuvalarda aralar\u0131nda ABD f\u00fczelerinin bulundu\u011fu b\u00fcy\u00fck miktarda silah ve m\u00fchimmat ele ge\u00e7irildi https:\/\/www.youtube.com\/watch?v=P0ZmDbk5ySo<\/p>\n","protected":false},"author":1,"featured_media":146524,"comment_status":"closed","ping_status":"closed","sticky":false,"template":"","format":"standard","meta":{"footnotes":""},"categories":[18295],"tags":[35923,21046,35924,2755,18674,16591,19034],"class_list":["post-146572","post","type-post","status-publish","format-standard","has-post-thumbnail","","category-sana-video","tag-abd-silahlari","tag-ceysul-islam","tag-kalemun","tag-sam","tag-silahli-muhalifler","tag-suriye","tag-suriyeli-muhalifler"],"_links":{"self":[{"href":"https:\/\/archive.sana.sy\/tr\/index.php?rest_route=\/wp\/v2\/posts\/146572","targetHints":{"allow":["GET"]}}],"collection":[{"href":"https:\/\/archive.sana.sy\/tr\/index.php?rest_route=\/wp\/v2\/posts"}],"about":[{"href":"https:\/\/archive.sana.sy\/tr\/index.php?rest_route=\/wp\/v2\/types\/post"}],"author":[{"embeddable":true,"href":"https:\/\/archive.sana.sy\/tr\/index.php?rest_route=\/wp\/v2\/users\/1"}],"replies":[{"embeddable":true,"href":"https:\/\/archive.sana.sy\/tr\/index.php?rest_route=%2Fwp%2Fv2%2Fcomments&post=146572"}],"version-history":[{"count":0,"href":"https:\/\/archive.sana.sy\/tr\/index.php?rest_route=\/wp\/v2\/posts\/146572\/revisions"}],"wp:featuredmedia":[{"embeddable":true,"href":"https:\/\/archive.sana.sy\/tr\/index.php?rest_route=\/wp\/v2\/media\/146524"}],"wp:attachment":[{"href":"https:\/\/archive.sana.sy\/tr\/index.php?rest_route=%2Fwp%2Fv2%2Fmedia&parent=146572"}],"wp:term":[{"taxonomy":"category","embeddable":true,"href":"https:\/\/archive.sana.sy\/tr\/index.php?rest_route=%2Fwp%2Fv2%2Fcategories&post=146572"},{"taxonomy":"post_tag","embeddable":true,"href":"https:\/\/archive.sana.sy\/tr\/index.php?rest_route=%2Fwp%2Fv2%2Ftags&post=146572"}],"curies":[{"name":"wp","href":"https:\/\/api.w.org\/{rel}","templated":true}]}}