{"id":146582,"date":"2018-04-21T16:00:24","date_gmt":"2018-04-21T13:00:24","guid":{"rendered":"https:\/\/www.sana.sy\/tr\/?p=146582"},"modified":"2018-04-21T16:00:24","modified_gmt":"2018-04-21T13:00:24","slug":"sananin-savas-muhabiri-sam-kirsali-kalemun-bolgesinin-rhaybe-nasiriye-ve-ceyrud-beldelerinden-yuzlerce-terorist-ve-ailesini-tasiyan-28-otobusun-suriyenin-kuzeyine-hareket-etme-noktasinda-t","status":"publish","type":"post","link":"https:\/\/archive.sana.sy\/tr\/?p=146582","title":{"rendered":"SANA\u2019n\u0131n sava\u015f muhabiri \u015eam k\u0131rsal\u0131 Kalemun B\u00f6lgesinin Rhaybe, Nas\u0131riye ve Ceyrud beldelerinden y\u00fczlerce ter\u00f6rist ve ailesini ta\u015f\u0131yan 28 otob\u00fcs\u00fcn Suriye&#8217;nin kuzeyine hareket etme noktas\u0131nda topland\u0131klar\u0131n\u0131 aktard\u0131"},"content":{"rendered":"<p>SANA\u2019n\u0131n sava\u015f muhabiri \u015eam k\u0131rsal\u0131 Kalemun B\u00f6lgesinin Rhaybe, Nas\u0131riye ve Ceyrud beldelerinden y\u00fczlerce ter\u00f6rist ve ailesini ta\u015f\u0131yan 28 otob\u00fcs\u00fcn Suriye&#8217;nin kuzeyine hareket etme noktas\u0131nda topland\u0131klar\u0131n\u0131 aktard\u0131<\/p>\n","protected":false},"excerpt":{"rendered":"<p>SANA\u2019n\u0131n sava\u015f muhabiri \u015eam k\u0131rsal\u0131 Kalemun B\u00f6lgesinin Rhaybe, Nas\u0131riye ve Ceyrud beldelerinden y\u00fczlerce ter\u00f6rist ve ailesini ta\u015f\u0131yan 28 otob\u00fcs\u00fcn Suriye&#8217;nin kuzeyine hareket etme noktas\u0131nda topland\u0131klar\u0131n\u0131 aktard\u0131<\/p>\n","protected":false},"author":1,"featured_media":0,"comment_status":"closed","ping_status":"closed","sticky":false,"template":"","format":"standard","meta":{"footnotes":""},"categories":[17991],"tags":[],"class_list":["post-146582","post","type-post","status-publish","format-standard","","category-son-dakika"],"_links":{"self":[{"href":"https:\/\/archive.sana.sy\/tr\/index.php?rest_route=\/wp\/v2\/posts\/146582","targetHints":{"allow":["GET"]}}],"collection":[{"href":"https:\/\/archive.sana.sy\/tr\/index.php?rest_route=\/wp\/v2\/posts"}],"about":[{"href":"https:\/\/archive.sana.sy\/tr\/index.php?rest_route=\/wp\/v2\/types\/post"}],"author":[{"embeddable":true,"href":"https:\/\/archive.sana.sy\/tr\/index.php?rest_route=\/wp\/v2\/users\/1"}],"replies":[{"embeddable":true,"href":"https:\/\/archive.sana.sy\/tr\/index.php?rest_route=%2Fwp%2Fv2%2Fcomments&post=146582"}],"version-history":[{"count":0,"href":"https:\/\/archive.sana.sy\/tr\/index.php?rest_route=\/wp\/v2\/posts\/146582\/revisions"}],"wp:attachment":[{"href":"https:\/\/archive.sana.sy\/tr\/index.php?rest_route=%2Fwp%2Fv2%2Fmedia&parent=146582"}],"wp:term":[{"taxonomy":"category","embeddable":true,"href":"https:\/\/archive.sana.sy\/tr\/index.php?rest_route=%2Fwp%2Fv2%2Fcategories&post=146582"},{"taxonomy":"post_tag","embeddable":true,"href":"https:\/\/archive.sana.sy\/tr\/index.php?rest_route=%2Fwp%2Fv2%2Ftags&post=146582"}],"curies":[{"name":"wp","href":"https:\/\/api.w.org\/{rel}","templated":true}]}}