{"id":146628,"date":"2018-04-21T18:00:27","date_gmt":"2018-04-21T15:00:27","guid":{"rendered":"https:\/\/www.sana.sy\/tr\/?p=146628"},"modified":"2018-04-22T14:36:04","modified_gmt":"2018-04-22T11:36:04","slug":"cozum-ulusalci-suriye-halkinin-iradesini-kabullenmektir","status":"publish","type":"post","link":"https:\/\/archive.sana.sy\/tr\/?p=146628","title":{"rendered":"\u00c7\u00f6z\u00fcm Ulusalc\u0131 Suriye Halk\u0131n\u0131n \u0130radesini Kabullenmektir"},"content":{"rendered":"<p>TAHRAN \u2013 \u0130ran D\u0131\u015fi\u015fleri Bakan Yard\u0131mc\u0131s\u0131 H\u00fcseyin Cabiri Ansari Suriye&#8217;nin gelece\u011fini belirleyecek yegane taraf\u0131n Suriye halk\u0131n\u0131n kendisi oldu\u011funu belirtirken, Suriye&#8217;deki krize son vermenin yegane yolunun ulusalc\u0131 Suriye halk\u0131n\u0131n iradesini kabul etmek ve sayg\u0131 duymak oldu\u011funu vurgulad\u0131.<\/p>\n<p>Birle\u015fmi\u015f Milletler Suriye \u00f6zel temsilcisi Staffan de Mistura ile bug\u00fcn Tahran\u2019da bulundu\u011fu temaslar\u0131 s\u0131ras\u0131nda Ansari; Suriye halk\u0131n\u0131n kendisi ve vatan\u0131n\u0131n gelece\u011fini belirleme ortam\u0131 yarat\u0131lmas\u0131 halinde Cenevre, So\u00e7i ve Astana \u00e7abalar\u0131n\u0131n ba\u015far\u0131yla sonu\u00e7lanacaklar\u0131n\u0131 kaydetti.<\/p>\n<p>Ansari Astana s\u00fcrecinde garant\u00f6r \u00fclkeler ile BM aras\u0131nda i\u015fbirli\u011fini ortak hedefinin Suriye&#8217;nin toprak b\u00fct\u00fcnl\u00fc\u011f\u00fcn\u00fc korumak oldu\u011funu belirtti.<\/p>\n<p>Tahran\u2019a i\u015f ziyaretinde bulunan de Mistura\u2019n\u0131n Suriye konusunda \u0130ranl\u0131 yetkililerle bir dizi temaslarda bulunmas\u0131 bekleniyor.<\/p>\n","protected":false},"excerpt":{"rendered":"<p>TAHRAN \u2013 \u0130ran D\u0131\u015fi\u015fleri Bakan Yard\u0131mc\u0131s\u0131 H\u00fcseyin Cabiri Ansari Suriye&#8217;nin gelece\u011fini belirleyecek yegane taraf\u0131n Suriye halk\u0131n\u0131n kendisi oldu\u011funu belirtirken, Suriye&#8217;deki krize son vermenin yegane yolunun ulusalc\u0131 Suriye halk\u0131n\u0131n iradesini kabul etmek ve sayg\u0131 duymak oldu\u011funu vurgulad\u0131. Birle\u015fmi\u015f Milletler Suriye \u00f6zel temsilcisi Staffan de Mistura ile bug\u00fcn Tahran\u2019da bulundu\u011fu temaslar\u0131 s\u0131ras\u0131nda Ansari; Suriye halk\u0131n\u0131n kendisi ve &hellip;<\/p>\n","protected":false},"author":1,"featured_media":146643,"comment_status":"closed","ping_status":"closed","sticky":false,"template":"","format":"standard","meta":{"footnotes":""},"categories":[458,459,17988],"tags":[31166,16591,10745],"class_list":["post-146628","post","type-post","status-publish","format-standard","has-post-thumbnail","","category-dunya1","category-haberler-arap-uluslararasi-politika","category-son-haberler","tag-iran-disisleri-bakan-yardimcisi-huseyin-cabiri-ansari","tag-suriye","tag-tahran"],"_links":{"self":[{"href":"https:\/\/archive.sana.sy\/tr\/index.php?rest_route=\/wp\/v2\/posts\/146628","targetHints":{"allow":["GET"]}}],"collection":[{"href":"https:\/\/archive.sana.sy\/tr\/index.php?rest_route=\/wp\/v2\/posts"}],"about":[{"href":"https:\/\/archive.sana.sy\/tr\/index.php?rest_route=\/wp\/v2\/types\/post"}],"author":[{"embeddable":true,"href":"https:\/\/archive.sana.sy\/tr\/index.php?rest_route=\/wp\/v2\/users\/1"}],"replies":[{"embeddable":true,"href":"https:\/\/archive.sana.sy\/tr\/index.php?rest_route=%2Fwp%2Fv2%2Fcomments&post=146628"}],"version-history":[{"count":0,"href":"https:\/\/archive.sana.sy\/tr\/index.php?rest_route=\/wp\/v2\/posts\/146628\/revisions"}],"wp:featuredmedia":[{"embeddable":true,"href":"https:\/\/archive.sana.sy\/tr\/index.php?rest_route=\/wp\/v2\/media\/146643"}],"wp:attachment":[{"href":"https:\/\/archive.sana.sy\/tr\/index.php?rest_route=%2Fwp%2Fv2%2Fmedia&parent=146628"}],"wp:term":[{"taxonomy":"category","embeddable":true,"href":"https:\/\/archive.sana.sy\/tr\/index.php?rest_route=%2Fwp%2Fv2%2Fcategories&post=146628"},{"taxonomy":"post_tag","embeddable":true,"href":"https:\/\/archive.sana.sy\/tr\/index.php?rest_route=%2Fwp%2Fv2%2Ftags&post=146628"}],"curies":[{"name":"wp","href":"https:\/\/api.w.org\/{rel}","templated":true}]}}