{"id":14665,"date":"2014-11-04T20:42:19","date_gmt":"2014-11-04T18:42:19","guid":{"rendered":"http:\/\/www.sana.sy\/tr\/?p=14665"},"modified":"2014-11-04T20:42:19","modified_gmt":"2014-11-04T18:42:19","slug":"insan-haklari-izleme-orgutu-isid-cocuklara-iskence-yapiyor","status":"publish","type":"post","link":"https:\/\/archive.sana.sy\/tr\/?p=14665","title":{"rendered":"\u0130nsan Haklar\u0131 \u0130zleme \u00d6rg\u00fct\u00fc: I\u015e\u0130D \u00c7ocuklara \u0130\u015fkence Yap\u0131yor"},"content":{"rendered":"<p>NEW YORK \u2013 \u0130nsan Haklar\u0131 \u0130zleme \u00d6rg\u00fct\u00fc, bug\u00fcn yapt\u0131\u011f\u0131 a\u00e7\u0131klamada I\u015e\u0130D ter\u00f6r \u00f6rg\u00fct\u00fcn\u00fcn, Suriye\u2019nin Ayn el Arap kentinde, ka\u00e7\u0131rd\u0131\u011f\u0131 ve al\u0131koydu\u011fu \u00e7ocuklara y\u00f6nelik i\u015fkence ve insan haklar\u0131 ihlalleri yapt\u0131\u011f\u0131n\u0131 ortaya koydu.<\/p>\n<p>\u0130nsan Haklar\u0131 \u0130zleme \u00d6rg\u00fct\u00fc bug\u00fcn internet sitesinde yay\u0131nlad\u0131\u011f\u0131 raporda I\u015e\u0130D ter\u00f6r \u00f6rg\u00fct\u00fcn\u00fcn ge\u00e7ti\u011fimiz May\u0131s ay\u0131n\u0131n 29\u2019unda okuldan d\u00f6nd\u00fckleri s\u0131rada ka\u00e7\u0131rm\u0131\u015f oldu\u011fu 153 \u00e7ocuk aras\u0131ndan ya\u015flar\u0131 14 ile 16 aras\u0131nda de\u011fi\u015fen 4 \u00e7ocu\u011fun tekrar tekrar darp ve i\u015fkenceye maruz kald\u0131klar\u0131n\u0131 ifade ettiklerini aktard\u0131.<\/p>\n<p>Elektrik kablolar\u0131yla darp edildiklerini dile getiren \u00e7ocuklar; I\u015e\u0130D ter\u00f6r \u00f6rg\u00fct\u00fc mensuplar\u0131n\u0131n, dini e\u011fitim derslerinde yeterlilik g\u00f6stermeyen \u00e7ocuklara ve ka\u00e7ma giri\u015fiminde bulunan \u00e7ocuklara s\u0131k\u00e7a darp uygulad\u0131\u011f\u0131n\u0131 belirttiler.<\/p>\n<p>\u00d6te yandan \u0130nsan Haklar\u0131 \u0130zleme \u00d6rg\u00fct\u00fcnde \u0130nsan Haklar\u0131 \u00d6zel M\u00fcste\u015far\u0131 Ferit \u0130brahamz; I\u015e\u0130D ter\u00f6r \u00f6rg\u00fct\u00fcn\u00fcn \u00e7ocuklara y\u00f6nelik i\u015fkence yapt\u0131\u011f\u0131na dair bulunan delillerin s\u00f6z konusu \u00f6rg\u00fcte hi\u00e7bir \u015fekilde destek verilmemesi i\u00e7in yeterli oldu\u011funu ifade etti.<\/p>\n<p>Hat\u0131rlanaca\u011f\u0131 \u00fczere I\u015e\u0130D ve di\u011fer ter\u00f6r \u00f6rg\u00fctlerinin insan haklar\u0131 ihlalleri yapt\u0131klar\u0131na dair daha \u00f6ncesinde de \u00e7ok say\u0131da rapor ve delilin yan\u0131 s\u0131ra silahl\u0131 ter\u00f6r gruplar\u0131 taraf\u0131ndan i\u015fkenceye maruz kalm\u0131\u015f vatanda\u015flar\u0131n birebir anlat\u0131mlar\u0131 yay\u0131nlanm\u0131\u015ft\u0131.<\/p>\n<p>&nbsp;<\/p>\n","protected":false},"excerpt":{"rendered":"<p>NEW YORK \u2013 \u0130nsan Haklar\u0131 \u0130zleme \u00d6rg\u00fct\u00fc, bug\u00fcn yapt\u0131\u011f\u0131 a\u00e7\u0131klamada I\u015e\u0130D ter\u00f6r \u00f6rg\u00fct\u00fcn\u00fcn, Suriye\u2019nin Ayn el Arap kentinde, ka\u00e7\u0131rd\u0131\u011f\u0131 ve al\u0131koydu\u011fu \u00e7ocuklara y\u00f6nelik i\u015fkence ve insan haklar\u0131 ihlalleri yapt\u0131\u011f\u0131n\u0131 ortaya koydu. \u0130nsan Haklar\u0131 \u0130zleme \u00d6rg\u00fct\u00fc bug\u00fcn internet sitesinde yay\u0131nlad\u0131\u011f\u0131 raporda I\u015e\u0130D ter\u00f6r \u00f6rg\u00fct\u00fcn\u00fcn ge\u00e7ti\u011fimiz May\u0131s ay\u0131n\u0131n 29\u2019unda okuldan d\u00f6nd\u00fckleri s\u0131rada ka\u00e7\u0131rm\u0131\u015f oldu\u011fu 153 \u00e7ocuk aras\u0131ndan &hellip;<\/p>\n","protected":false},"author":1,"featured_media":14666,"comment_status":"closed","ping_status":"closed","sticky":false,"template":"","format":"standard","meta":{"footnotes":""},"categories":[458,459,447],"tags":[5029,5032,5028,5031,5030],"class_list":["post-14665","post","type-post","status-publish","format-standard","has-post-thumbnail","","category-dunya1","category-haberler-arap-uluslararasi-politika","category-politika","tag-bugun-yaptigi-aciklamada-isid-teror-orgutunun","tag-dini-egitim-derslerinde-yeterlilik-gostermeyen-cocuklara-ve-kacma-girisiminde-bulunan-cocuklara-sikca-darp-uyguladigini-belirttiler-ote-yandan-insan-haklari-izleme-orgutunde-insan-haklari-ozel-mustes","tag-insan-haklari-izleme-orgutu-isid-cocuklara-iskence-yapiyor-new-york-insan-haklari-izleme-orgutu","tag-kacirdigi-ve-alikoydugu-cocuklara-yonelik-iskence-ve-insan-haklari-ihlalleri-yaptigini-ortaya-koydu-insan-haklari-izleme-orgutu-bugun-internet-sitesinde-yayinladigi-raporda-isid-teror-orgutunun-gecti","tag-suriyenin-ayn-el-arap-kentinde"],"_links":{"self":[{"href":"https:\/\/archive.sana.sy\/tr\/index.php?rest_route=\/wp\/v2\/posts\/14665","targetHints":{"allow":["GET"]}}],"collection":[{"href":"https:\/\/archive.sana.sy\/tr\/index.php?rest_route=\/wp\/v2\/posts"}],"about":[{"href":"https:\/\/archive.sana.sy\/tr\/index.php?rest_route=\/wp\/v2\/types\/post"}],"author":[{"embeddable":true,"href":"https:\/\/archive.sana.sy\/tr\/index.php?rest_route=\/wp\/v2\/users\/1"}],"replies":[{"embeddable":true,"href":"https:\/\/archive.sana.sy\/tr\/index.php?rest_route=%2Fwp%2Fv2%2Fcomments&post=14665"}],"version-history":[{"count":0,"href":"https:\/\/archive.sana.sy\/tr\/index.php?rest_route=\/wp\/v2\/posts\/14665\/revisions"}],"wp:featuredmedia":[{"embeddable":true,"href":"https:\/\/archive.sana.sy\/tr\/index.php?rest_route=\/wp\/v2\/media\/14666"}],"wp:attachment":[{"href":"https:\/\/archive.sana.sy\/tr\/index.php?rest_route=%2Fwp%2Fv2%2Fmedia&parent=14665"}],"wp:term":[{"taxonomy":"category","embeddable":true,"href":"https:\/\/archive.sana.sy\/tr\/index.php?rest_route=%2Fwp%2Fv2%2Fcategories&post=14665"},{"taxonomy":"post_tag","embeddable":true,"href":"https:\/\/archive.sana.sy\/tr\/index.php?rest_route=%2Fwp%2Fv2%2Ftags&post=14665"}],"curies":[{"name":"wp","href":"https:\/\/api.w.org\/{rel}","templated":true}]}}