{"id":146687,"date":"2018-04-22T13:16:51","date_gmt":"2018-04-22T10:16:51","guid":{"rendered":"https:\/\/www.sana.sy\/tr\/?p=146687"},"modified":"2018-04-22T13:18:21","modified_gmt":"2018-04-22T10:18:21","slug":"sananin-savas-muhabiri-sam-kirsali-dogu-kalemun-bolgesinde-bulunan-teroristlerin-aileleriyle-birlikte-suriyenin-kuzeyine-aktarilmalari-oncesinde-tum-orta-ve-agir-silahlarini-teslim-etmeye-d","status":"publish","type":"post","link":"https:\/\/archive.sana.sy\/tr\/?p=146687","title":{"rendered":"SANA\u2019n\u0131n sava\u015f muhabiri \u015eam k\u0131rsal\u0131 Do\u011fu Kalemun B\u00f6lgesinde bulunan ter\u00f6ristlerin aileleriyle birlikte Suriye&#8217;nin kuzeyine aktar\u0131lmalar\u0131 \u00f6ncesinde t\u00fcm orta ve a\u011f\u0131r silahlar\u0131n\u0131 teslim etmeye devam ettiklerini belirtti"},"content":{"rendered":"<p>SANA\u2019n\u0131n sava\u015f muhabiri \u015eam k\u0131rsal\u0131 Do\u011fu Kalemun B\u00f6lgesinde bulunan ter\u00f6ristlerin aileleriyle birlikte Suriye&#8217;nin kuzeyine aktar\u0131lmalar\u0131 \u00f6ncesinde t\u00fcm orta ve a\u011f\u0131r silahlar\u0131n\u0131 teslim etmeye devam ettiklerini belirtti<\/p>\n","protected":false},"excerpt":{"rendered":"<p>SANA\u2019n\u0131n sava\u015f muhabiri \u015eam k\u0131rsal\u0131 Do\u011fu Kalemun B\u00f6lgesinde bulunan ter\u00f6ristlerin aileleriyle birlikte Suriye&#8217;nin kuzeyine aktar\u0131lmalar\u0131 \u00f6ncesinde t\u00fcm orta ve a\u011f\u0131r silahlar\u0131n\u0131 teslim etmeye devam ettiklerini belirtti<\/p>\n","protected":false},"author":1,"featured_media":0,"comment_status":"closed","ping_status":"closed","sticky":false,"template":"","format":"standard","meta":{"footnotes":""},"categories":[17991],"tags":[],"class_list":["post-146687","post","type-post","status-publish","format-standard","","category-son-dakika"],"_links":{"self":[{"href":"https:\/\/archive.sana.sy\/tr\/index.php?rest_route=\/wp\/v2\/posts\/146687","targetHints":{"allow":["GET"]}}],"collection":[{"href":"https:\/\/archive.sana.sy\/tr\/index.php?rest_route=\/wp\/v2\/posts"}],"about":[{"href":"https:\/\/archive.sana.sy\/tr\/index.php?rest_route=\/wp\/v2\/types\/post"}],"author":[{"embeddable":true,"href":"https:\/\/archive.sana.sy\/tr\/index.php?rest_route=\/wp\/v2\/users\/1"}],"replies":[{"embeddable":true,"href":"https:\/\/archive.sana.sy\/tr\/index.php?rest_route=%2Fwp%2Fv2%2Fcomments&post=146687"}],"version-history":[{"count":0,"href":"https:\/\/archive.sana.sy\/tr\/index.php?rest_route=\/wp\/v2\/posts\/146687\/revisions"}],"wp:attachment":[{"href":"https:\/\/archive.sana.sy\/tr\/index.php?rest_route=%2Fwp%2Fv2%2Fmedia&parent=146687"}],"wp:term":[{"taxonomy":"category","embeddable":true,"href":"https:\/\/archive.sana.sy\/tr\/index.php?rest_route=%2Fwp%2Fv2%2Fcategories&post=146687"},{"taxonomy":"post_tag","embeddable":true,"href":"https:\/\/archive.sana.sy\/tr\/index.php?rest_route=%2Fwp%2Fv2%2Ftags&post=146687"}],"curies":[{"name":"wp","href":"https:\/\/api.w.org\/{rel}","templated":true}]}}