{"id":146693,"date":"2018-04-22T16:08:56","date_gmt":"2018-04-22T13:08:56","guid":{"rendered":"https:\/\/www.sana.sy\/tr\/?p=146693"},"modified":"2018-04-22T16:08:56","modified_gmt":"2018-04-22T13:08:56","slug":"sananin-savas-muhabiri-sam-kirsali-dogu-kalemun-bolgesinde-bulunan-teroristleri-aileleriyle-birlikte-idlib-ve-halep-kirsali-cerablusa-aktarma-icraatlarinin-yarina-dek-devam-edecegini","status":"publish","type":"post","link":"https:\/\/archive.sana.sy\/tr\/?p=146693","title":{"rendered":"SANA\u2019n\u0131n sava\u015f muhabiri \u015eam k\u0131rsal\u0131 Do\u011fu Kalemun B\u00f6lgesinde bulunan ter\u00f6ristleri aileleriyle birlikte \u0130dlib ve Halep k\u0131rsal\u0131 Cerablus\u2019a aktarma icraatlar\u0131n\u0131n yar\u0131na dek devam edece\u011fini aktar\u0131rken, icraatlar\u0131n tamam\u0131nda Rhaybe, Nas\u0131riye ve Ceyrud beldelerinden 5 ila 6 bin ki\u015finin \u00e7\u0131kmalar\u0131 beklendi\u011fini kaydetti"},"content":{"rendered":"<p>SANA\u2019n\u0131n sava\u015f muhabiri \u015eam k\u0131rsal\u0131 Do\u011fu Kalemun B\u00f6lgesinde bulunan ter\u00f6ristleri aileleriyle birlikte \u0130dlib ve Halep k\u0131rsal\u0131 Cerablus\u2019a aktarma icraatlar\u0131n\u0131n yar\u0131na dek devam edece\u011fini aktar\u0131rken, icraatlar\u0131n tamam\u0131nda Rhaybe, Nas\u0131riye ve Ceyrud beldelerinden 5 ila 6 bin ki\u015finin \u00e7\u0131kmalar\u0131 beklendi\u011fini kaydetti<\/p>\n","protected":false},"excerpt":{"rendered":"<p>SANA\u2019n\u0131n sava\u015f muhabiri \u015eam k\u0131rsal\u0131 Do\u011fu Kalemun B\u00f6lgesinde bulunan ter\u00f6ristleri aileleriyle birlikte \u0130dlib ve Halep k\u0131rsal\u0131 Cerablus\u2019a aktarma icraatlar\u0131n\u0131n yar\u0131na dek devam edece\u011fini aktar\u0131rken, icraatlar\u0131n tamam\u0131nda Rhaybe, Nas\u0131riye ve Ceyrud beldelerinden 5 ila 6 bin ki\u015finin \u00e7\u0131kmalar\u0131 beklendi\u011fini kaydetti<\/p>\n","protected":false},"author":1,"featured_media":0,"comment_status":"closed","ping_status":"closed","sticky":false,"template":"","format":"standard","meta":{"footnotes":""},"categories":[17991],"tags":[],"class_list":["post-146693","post","type-post","status-publish","format-standard","","category-son-dakika"],"_links":{"self":[{"href":"https:\/\/archive.sana.sy\/tr\/index.php?rest_route=\/wp\/v2\/posts\/146693","targetHints":{"allow":["GET"]}}],"collection":[{"href":"https:\/\/archive.sana.sy\/tr\/index.php?rest_route=\/wp\/v2\/posts"}],"about":[{"href":"https:\/\/archive.sana.sy\/tr\/index.php?rest_route=\/wp\/v2\/types\/post"}],"author":[{"embeddable":true,"href":"https:\/\/archive.sana.sy\/tr\/index.php?rest_route=\/wp\/v2\/users\/1"}],"replies":[{"embeddable":true,"href":"https:\/\/archive.sana.sy\/tr\/index.php?rest_route=%2Fwp%2Fv2%2Fcomments&post=146693"}],"version-history":[{"count":0,"href":"https:\/\/archive.sana.sy\/tr\/index.php?rest_route=\/wp\/v2\/posts\/146693\/revisions"}],"wp:attachment":[{"href":"https:\/\/archive.sana.sy\/tr\/index.php?rest_route=%2Fwp%2Fv2%2Fmedia&parent=146693"}],"wp:term":[{"taxonomy":"category","embeddable":true,"href":"https:\/\/archive.sana.sy\/tr\/index.php?rest_route=%2Fwp%2Fv2%2Fcategories&post=146693"},{"taxonomy":"post_tag","embeddable":true,"href":"https:\/\/archive.sana.sy\/tr\/index.php?rest_route=%2Fwp%2Fv2%2Ftags&post=146693"}],"curies":[{"name":"wp","href":"https:\/\/api.w.org\/{rel}","templated":true}]}}