{"id":146694,"date":"2018-04-22T14:23:16","date_gmt":"2018-04-22T11:23:16","guid":{"rendered":"https:\/\/www.sana.sy\/tr\/?p=146694"},"modified":"2018-04-22T14:23:16","modified_gmt":"2018-04-22T11:23:16","slug":"cumhurbaskani-bessar-el-esad-bugun-pakistanin-yeni-sam-buyukelcisi-rasid-kemalin-guven-mektubunu-kabul-ediyor","status":"publish","type":"post","link":"https:\/\/archive.sana.sy\/tr\/?p=146694","title":{"rendered":"Cumhurba\u015fkan\u0131 Be\u015f\u015far el Esad bug\u00fcn Pakistan\u2019\u0131n yeni \u015eam B\u00fcy\u00fckel\u00e7isi Ra\u015fid Kemal\u2019in g\u00fcven mektubunu kabul ediyor"},"content":{"rendered":"<p>Cumhurba\u015fkan\u0131 Be\u015f\u015far el Esad bug\u00fcn Pakistan\u2019\u0131n yeni \u015eam B\u00fcy\u00fckel\u00e7isi Ra\u015fid Kemal\u2019in g\u00fcven mektubunu kabul ediyor<\/p>\n<div id='gallery-1' class='gallery galleryid-146694 gallery-columns-2 gallery-size-medium'><figure class='gallery-item'>\n\t\t\t<div class='gallery-icon landscape'>\n\t\t\t\t<a href='https:\/\/archive.sana.sy\/tr\/wp-content\/uploads\/2018\/04\/1-240.jpg'><img loading=\"lazy\" decoding=\"async\" width=\"300\" height=\"167\" src=\"https:\/\/archive.sana.sy\/tr\/wp-content\/uploads\/2018\/04\/1-240-300x167.jpg\" class=\"attachment-medium size-medium\" alt=\"\" srcset=\"https:\/\/archive.sana.sy\/tr\/wp-content\/uploads\/2018\/04\/1-240-300x167.jpg 300w, https:\/\/archive.sana.sy\/tr\/wp-content\/uploads\/2018\/04\/1-240-150x84.jpg 150w, https:\/\/archive.sana.sy\/tr\/wp-content\/uploads\/2018\/04\/1-240-768x429.jpg 768w, https:\/\/archive.sana.sy\/tr\/wp-content\/uploads\/2018\/04\/1-240-1024x572.jpg 1024w\" sizes=\"auto, (max-width: 300px) 100vw, 300px\" \/><\/a>\n\t\t\t<\/div><\/figure><figure class='gallery-item'>\n\t\t\t<div class='gallery-icon landscape'>\n\t\t\t\t<a href='https:\/\/archive.sana.sy\/tr\/wp-content\/uploads\/2018\/04\/2-106.jpg'><img loading=\"lazy\" decoding=\"async\" width=\"300\" height=\"145\" src=\"https:\/\/archive.sana.sy\/tr\/wp-content\/uploads\/2018\/04\/2-106-300x145.jpg\" class=\"attachment-medium size-medium\" alt=\"\" srcset=\"https:\/\/archive.sana.sy\/tr\/wp-content\/uploads\/2018\/04\/2-106-300x145.jpg 300w, https:\/\/archive.sana.sy\/tr\/wp-content\/uploads\/2018\/04\/2-106-150x73.jpg 150w, https:\/\/archive.sana.sy\/tr\/wp-content\/uploads\/2018\/04\/2-106-768x372.jpg 768w, https:\/\/archive.sana.sy\/tr\/wp-content\/uploads\/2018\/04\/2-106-1024x496.jpg 1024w\" sizes=\"auto, (max-width: 300px) 100vw, 300px\" \/><\/a>\n\t\t\t<\/div><\/figure>\n\t\t<\/div>\n\n","protected":false},"excerpt":{"rendered":"<p>Cumhurba\u015fkan\u0131 Be\u015f\u015far el Esad bug\u00fcn Pakistan\u2019\u0131n yeni \u015eam B\u00fcy\u00fckel\u00e7isi Ra\u015fid Kemal\u2019in g\u00fcven mektubunu kabul ediyor<\/p>\n","protected":false},"author":1,"featured_media":146688,"comment_status":"closed","ping_status":"closed","sticky":false,"template":"","format":"standard","meta":{"footnotes":""},"categories":[6459],"tags":[],"class_list":["post-146694","post","type-post","status-publish","format-standard","has-post-thumbnail","","category-sana-fotolarl"],"_links":{"self":[{"href":"https:\/\/archive.sana.sy\/tr\/index.php?rest_route=\/wp\/v2\/posts\/146694","targetHints":{"allow":["GET"]}}],"collection":[{"href":"https:\/\/archive.sana.sy\/tr\/index.php?rest_route=\/wp\/v2\/posts"}],"about":[{"href":"https:\/\/archive.sana.sy\/tr\/index.php?rest_route=\/wp\/v2\/types\/post"}],"author":[{"embeddable":true,"href":"https:\/\/archive.sana.sy\/tr\/index.php?rest_route=\/wp\/v2\/users\/1"}],"replies":[{"embeddable":true,"href":"https:\/\/archive.sana.sy\/tr\/index.php?rest_route=%2Fwp%2Fv2%2Fcomments&post=146694"}],"version-history":[{"count":0,"href":"https:\/\/archive.sana.sy\/tr\/index.php?rest_route=\/wp\/v2\/posts\/146694\/revisions"}],"wp:featuredmedia":[{"embeddable":true,"href":"https:\/\/archive.sana.sy\/tr\/index.php?rest_route=\/wp\/v2\/media\/146688"}],"wp:attachment":[{"href":"https:\/\/archive.sana.sy\/tr\/index.php?rest_route=%2Fwp%2Fv2%2Fmedia&parent=146694"}],"wp:term":[{"taxonomy":"category","embeddable":true,"href":"https:\/\/archive.sana.sy\/tr\/index.php?rest_route=%2Fwp%2Fv2%2Fcategories&post=146694"},{"taxonomy":"post_tag","embeddable":true,"href":"https:\/\/archive.sana.sy\/tr\/index.php?rest_route=%2Fwp%2Fv2%2Ftags&post=146694"}],"curies":[{"name":"wp","href":"https:\/\/api.w.org\/{rel}","templated":true}]}}