{"id":146708,"date":"2018-04-22T12:30:57","date_gmt":"2018-04-22T09:30:57","guid":{"rendered":"https:\/\/www.sana.sy\/tr\/?p=146708"},"modified":"2018-04-23T14:41:38","modified_gmt":"2018-04-23T11:41:38","slug":"suriye-2-madalya-kazandi","status":"publish","type":"post","link":"https:\/\/archive.sana.sy\/tr\/?p=146708","title":{"rendered":"Suriye 2 Madalya Kazand\u0131"},"content":{"rendered":"<p>TAHRAN \u2013 \u0130ran\u2019\u0131n ba\u015fkenti Tahran\u2019da d\u00fczenlenen Uluslararas\u0131 Fecir Bayan Tekvando \u015eampiyonas\u0131nda Suriye tak\u0131m\u0131 iki bronz madalya kazand\u0131.<\/p>\n<p>Tekvando Federasyonu Ba\u015fkan\u0131 \u015eerif Derki \u015fampiyonada uluslar aras\u0131 geni\u015f kat\u0131l\u0131ma ra\u011fmen Suriyeli bayan tekvandocular\u0131n \u00fcst\u00fcn performanslar\u0131yla uluslar aras\u0131 tekvando uzmanlar\u0131n\u0131n yo\u011fun ilgisini \u00e7ekti\u011fine dikkat \u00e7ekti.<\/p>\n<div id='gallery-1' class='gallery galleryid-146708 gallery-columns-2 gallery-size-medium'><figure class='gallery-item'>\n\t\t\t<div class='gallery-icon landscape'>\n\t\t\t\t<a href='https:\/\/archive.sana.sy\/tr\/wp-content\/uploads\/2018\/04\/2-107.jpg'><img loading=\"lazy\" decoding=\"async\" width=\"300\" height=\"192\" src=\"https:\/\/archive.sana.sy\/tr\/wp-content\/uploads\/2018\/04\/2-107-300x192.jpg\" class=\"attachment-medium size-medium\" alt=\"\" srcset=\"https:\/\/archive.sana.sy\/tr\/wp-content\/uploads\/2018\/04\/2-107-300x192.jpg 300w, https:\/\/archive.sana.sy\/tr\/wp-content\/uploads\/2018\/04\/2-107-150x96.jpg 150w, https:\/\/archive.sana.sy\/tr\/wp-content\/uploads\/2018\/04\/2-107.jpg 686w\" sizes=\"auto, (max-width: 300px) 100vw, 300px\" \/><\/a>\n\t\t\t<\/div><\/figure><figure class='gallery-item'>\n\t\t\t<div class='gallery-icon landscape'>\n\t\t\t\t<a href='https:\/\/archive.sana.sy\/tr\/wp-content\/uploads\/2018\/04\/3-86.jpg'><img loading=\"lazy\" decoding=\"async\" width=\"300\" height=\"176\" src=\"https:\/\/archive.sana.sy\/tr\/wp-content\/uploads\/2018\/04\/3-86-300x176.jpg\" class=\"attachment-medium size-medium\" alt=\"\" srcset=\"https:\/\/archive.sana.sy\/tr\/wp-content\/uploads\/2018\/04\/3-86-300x176.jpg 300w, https:\/\/archive.sana.sy\/tr\/wp-content\/uploads\/2018\/04\/3-86-150x88.jpg 150w, https:\/\/archive.sana.sy\/tr\/wp-content\/uploads\/2018\/04\/3-86-768x451.jpg 768w, https:\/\/archive.sana.sy\/tr\/wp-content\/uploads\/2018\/04\/3-86.jpg 854w\" sizes=\"auto, (max-width: 300px) 100vw, 300px\" \/><\/a>\n\t\t\t<\/div><\/figure>\n\t\t<\/div>\n\n","protected":false},"excerpt":{"rendered":"<p>TAHRAN \u2013 \u0130ran\u2019\u0131n ba\u015fkenti Tahran\u2019da d\u00fczenlenen Uluslararas\u0131 Fecir Bayan Tekvando \u015eampiyonas\u0131nda Suriye tak\u0131m\u0131 iki bronz madalya kazand\u0131. Tekvando Federasyonu Ba\u015fkan\u0131 \u015eerif Derki \u015fampiyonada uluslar aras\u0131 geni\u015f kat\u0131l\u0131ma ra\u011fmen Suriyeli bayan tekvandocular\u0131n \u00fcst\u00fcn performanslar\u0131yla uluslar aras\u0131 tekvando uzmanlar\u0131n\u0131n yo\u011fun ilgisini \u00e7ekti\u011fine dikkat \u00e7ekti.<\/p>\n","protected":false},"author":1,"featured_media":146720,"comment_status":"closed","ping_status":"closed","sticky":false,"template":"","format":"standard","meta":{"footnotes":""},"categories":[458,498,459,17988,496],"tags":[35938,3915,24562,16591,27728,10745,35937],"class_list":["post-146708","post","type-post","status-publish","format-standard","has-post-thumbnail","","category-dunya1","category-dunya-turnuvalari","category-haberler-arap-uluslararasi-politika","category-son-haberler","category-spor","tag-bronz","tag-iran","tag-madalya","tag-suriye","tag-suriye-takimi","tag-tahran","tag-uluslararasi-fecir-bayan-tekvando-sampiyonasi"],"_links":{"self":[{"href":"https:\/\/archive.sana.sy\/tr\/index.php?rest_route=\/wp\/v2\/posts\/146708","targetHints":{"allow":["GET"]}}],"collection":[{"href":"https:\/\/archive.sana.sy\/tr\/index.php?rest_route=\/wp\/v2\/posts"}],"about":[{"href":"https:\/\/archive.sana.sy\/tr\/index.php?rest_route=\/wp\/v2\/types\/post"}],"author":[{"embeddable":true,"href":"https:\/\/archive.sana.sy\/tr\/index.php?rest_route=\/wp\/v2\/users\/1"}],"replies":[{"embeddable":true,"href":"https:\/\/archive.sana.sy\/tr\/index.php?rest_route=%2Fwp%2Fv2%2Fcomments&post=146708"}],"version-history":[{"count":0,"href":"https:\/\/archive.sana.sy\/tr\/index.php?rest_route=\/wp\/v2\/posts\/146708\/revisions"}],"wp:featuredmedia":[{"embeddable":true,"href":"https:\/\/archive.sana.sy\/tr\/index.php?rest_route=\/wp\/v2\/media\/146720"}],"wp:attachment":[{"href":"https:\/\/archive.sana.sy\/tr\/index.php?rest_route=%2Fwp%2Fv2%2Fmedia&parent=146708"}],"wp:term":[{"taxonomy":"category","embeddable":true,"href":"https:\/\/archive.sana.sy\/tr\/index.php?rest_route=%2Fwp%2Fv2%2Fcategories&post=146708"},{"taxonomy":"post_tag","embeddable":true,"href":"https:\/\/archive.sana.sy\/tr\/index.php?rest_route=%2Fwp%2Fv2%2Ftags&post=146708"}],"curies":[{"name":"wp","href":"https:\/\/api.w.org\/{rel}","templated":true}]}}