{"id":14675,"date":"2014-11-05T09:58:25","date_gmt":"2014-11-05T07:58:25","guid":{"rendered":"http:\/\/www.sana.sy\/tr\/?p=14675"},"modified":"2014-11-05T09:58:25","modified_gmt":"2014-11-05T07:58:25","slug":"patrik-yazici-hiristiyanlar-topraklarinda-kalacaklardir","status":"publish","type":"post","link":"https:\/\/archive.sana.sy\/tr\/?p=14675","title":{"rendered":"Patrik Yaz\u0131c\u0131: H\u0131ristiyanlar Topraklar\u0131nda Kalacaklard\u0131r"},"content":{"rendered":"<p>AT\u0130NA \u2013 Antakya ve T\u00fcm Do\u011fu Rum Ortodoks Patri\u011fi Patrik X. Yuhanna Yaz\u0131c\u0131, H\u0131ristiyanlar\u0131n b\u00fct\u00fcn zorluklara ra\u011fmen topraklar\u0131nda kalacaklar\u0131n\u0131, Kilisenin g\u00f6revinin ise karanl\u0131k radikalcili\u011fin bedelini \u00f6ld\u00fcrme, g\u00f6\u00e7 ve ka\u00e7\u0131rma olarak \u00f6deyen do\u011fudaki insan\u0131n her zaman yan\u0131nda olaca\u011f\u0131n\u0131 vurgulad\u0131.<\/p>\n<p>Mukaddes da\u011f \u201cAsus\u201dtan ayr\u0131ld\u0131ktan sonra Yunanistan\u2019\u0131n kuzeyindeki Khalkivki Ormili rahibe manast\u0131r\u0131nda d\u00fczenlenen \u015f\u00fck\u00fcr ayininde Patrik Yaz\u0131c\u0131, \u00fclkelerinin ve insan\u0131n\u0131n u\u011frad\u0131\u011f\u0131 zorluklarla Antakya Kilisesi ile ka\u00e7\u0131r\u0131lan iki Piskopos Paul Yaz\u0131c\u0131 ve Yuhanna \u0130brahim i\u00e7in dua edilmesini isteyerek Antakya Kilisesini Yunanistan, Halk\u0131 ve Manast\u0131rlar\u0131yla ba\u011flayan ili\u015fkiyi hat\u0131rlatt\u0131.<\/p>\n<p>Kendi y\u00f6n\u00fcnden, Simonas Petras Manast\u0131r\u0131 Ba\u015fkan\u0131 Ar\u015fimedrit Elisha, Manast\u0131r karde\u015fli\u011fi ad\u0131na yapt\u0131\u011f\u0131 konu\u015fmas\u0131nda, bug\u00fcn d\u00fczenlenen ayinlerin yaral\u0131 Antakya Kilisesiyle diyarlar\u0131n\u0131n yeniden huzura kavu\u015fmas\u0131 ve ka\u00e7\u0131r\u0131lan piskoposlar i\u00e7in yap\u0131ld\u0131\u011f\u0131n\u0131 belirtti.<\/p>\n","protected":false},"excerpt":{"rendered":"<p>AT\u0130NA \u2013 Antakya ve T\u00fcm Do\u011fu Rum Ortodoks Patri\u011fi Patrik X. Yuhanna Yaz\u0131c\u0131, H\u0131ristiyanlar\u0131n b\u00fct\u00fcn zorluklara ra\u011fmen topraklar\u0131nda kalacaklar\u0131n\u0131, Kilisenin g\u00f6revinin ise karanl\u0131k radikalcili\u011fin bedelini \u00f6ld\u00fcrme, g\u00f6\u00e7 ve ka\u00e7\u0131rma olarak \u00f6deyen do\u011fudaki insan\u0131n her zaman yan\u0131nda olaca\u011f\u0131n\u0131 vurgulad\u0131. Mukaddes da\u011f \u201cAsus\u201dtan ayr\u0131ld\u0131ktan sonra Yunanistan\u2019\u0131n kuzeyindeki Khalkivki Ormili rahibe manast\u0131r\u0131nda d\u00fczenlenen \u015f\u00fck\u00fcr ayininde Patrik Yaz\u0131c\u0131, \u00fclkelerinin &hellip;<\/p>\n","protected":false},"author":1,"featured_media":14676,"comment_status":"closed","ping_status":"closed","sticky":false,"template":"","format":"standard","meta":{"footnotes":""},"categories":[458,459,447],"tags":[5034],"class_list":["post-14675","post","type-post","status-publish","format-standard","has-post-thumbnail","","category-dunya1","category-haberler-arap-uluslararasi-politika","category-politika","tag-patrik-yazici-hiristiyanlar-topraklarinda-kalacaklardir"],"_links":{"self":[{"href":"https:\/\/archive.sana.sy\/tr\/index.php?rest_route=\/wp\/v2\/posts\/14675","targetHints":{"allow":["GET"]}}],"collection":[{"href":"https:\/\/archive.sana.sy\/tr\/index.php?rest_route=\/wp\/v2\/posts"}],"about":[{"href":"https:\/\/archive.sana.sy\/tr\/index.php?rest_route=\/wp\/v2\/types\/post"}],"author":[{"embeddable":true,"href":"https:\/\/archive.sana.sy\/tr\/index.php?rest_route=\/wp\/v2\/users\/1"}],"replies":[{"embeddable":true,"href":"https:\/\/archive.sana.sy\/tr\/index.php?rest_route=%2Fwp%2Fv2%2Fcomments&post=14675"}],"version-history":[{"count":0,"href":"https:\/\/archive.sana.sy\/tr\/index.php?rest_route=\/wp\/v2\/posts\/14675\/revisions"}],"wp:featuredmedia":[{"embeddable":true,"href":"https:\/\/archive.sana.sy\/tr\/index.php?rest_route=\/wp\/v2\/media\/14676"}],"wp:attachment":[{"href":"https:\/\/archive.sana.sy\/tr\/index.php?rest_route=%2Fwp%2Fv2%2Fmedia&parent=14675"}],"wp:term":[{"taxonomy":"category","embeddable":true,"href":"https:\/\/archive.sana.sy\/tr\/index.php?rest_route=%2Fwp%2Fv2%2Fcategories&post=14675"},{"taxonomy":"post_tag","embeddable":true,"href":"https:\/\/archive.sana.sy\/tr\/index.php?rest_route=%2Fwp%2Fv2%2Ftags&post=14675"}],"curies":[{"name":"wp","href":"https:\/\/api.w.org\/{rel}","templated":true}]}}