{"id":14678,"date":"2014-11-05T10:13:50","date_gmt":"2014-11-05T08:13:50","guid":{"rendered":"http:\/\/www.sana.sy\/tr\/?p=14678"},"modified":"2014-11-05T10:13:50","modified_gmt":"2014-11-05T08:13:50","slug":"avusturyali-uzmanlar-cihatciligin-genclerine-yonelik-tehlikelerinden-uyariyor","status":"publish","type":"post","link":"https:\/\/archive.sana.sy\/tr\/?p=14678","title":{"rendered":"Avusturyal\u0131 Uzmanlar Cihat\u00e7\u0131l\u0131\u011f\u0131n Gen\u00e7lerine Y\u00f6nelik Tehlikelerinden Uyar\u0131yor"},"content":{"rendered":"<p>V\u0130YANA \u2013 E\u011fitim, sosyal rehabilitasyon ve ter\u00f6rle m\u00fccadele alan\u0131ndaki Avusturyal\u0131 uzmanlar \u201ccihad\u0131n\u201d Avusturyal\u0131 gen\u00e7lere, gelecekleri ve toplumla kayna\u015fma eylemine y\u00f6nelik tehlikelerinden uyard\u0131.<\/p>\n<p>Viyana\u2019da anayasay\u0131 koruma b\u00fcrosu M\u00fcd\u00fcr\u00fc Eric Tsvitler \u201ccihat\u00e7\u0131lar\u0131n\u201d sivil topluma y\u00f6nelik tehlikeleri hakk\u0131nda d\u00fczenlenen sempozyumda yapt\u0131\u011f\u0131 a\u00e7\u0131klamas\u0131nda, radikalizmin sebeplerini bilme zorunlulu\u011fu ile re\u015fit olmayan ve ergenlik \u00e7a\u011f\u0131na girmi\u015f olanlar ba\u015fta olmak \u00fczere gen\u00e7lerin niyetlerini \u00f6\u011frenme, sapmalar\u0131n\u0131 durdurmak ve ter\u00f6rist \u00f6rg\u00fctlere kat\u0131lmalar\u0131 i\u00e7in Suriye\u2019ye y\u00f6nelmelerini menetmek i\u00e7in \u015feffafl\u0131kla yard\u0131m edilmesi zorunlulu\u011funu vurgulad\u0131.<\/p>\n<p>Tsvitler, re\u015fit olmayanlarla team\u00fclde daha fazla \u015feffafl\u0131k ve dikkatli olmaya, okullara gitmeyerek yerine, cami, mescitlerle internette sosyal payla\u015f\u0131m siteleri ve elektronik dini sitelere girmeleri ve izlemeleri i\u00e7in y\u00f6nelmeye ba\u015flamalar\u0131 halinde izlenmelerine \u00e7a\u011f\u0131rd\u0131.<\/p>\n<p>Tsvitler, internetin k\u0131z ve erkek gen\u00e7ler i\u00e7in ba\u011f\u0131ml\u0131l\u0131k merkezi haline geldi\u011finden uyararak, bu ya\u015flardaki gen\u00e7lerin tehlikeye daha fazla maruz kald\u0131klar\u0131n\u0131, aile sevgisinden ve do\u011fru e\u011fitimden uzak olduklar\u0131n\u0131 bu y\u00fczden Suriye\u2019deki ter\u00f6rist \u00f6rg\u00fct saflar\u0131nda sava\u015fmak i\u00e7in istismar edilmesinin daha kolay olabilece\u011fini ve bunlara maruz kalmalar\u0131n\u0131n daha yak\u0131n bir ihtimal oldu\u011funu vurgulad\u0131.<\/p>\n","protected":false},"excerpt":{"rendered":"<p>V\u0130YANA \u2013 E\u011fitim, sosyal rehabilitasyon ve ter\u00f6rle m\u00fccadele alan\u0131ndaki Avusturyal\u0131 uzmanlar \u201ccihad\u0131n\u201d Avusturyal\u0131 gen\u00e7lere, gelecekleri ve toplumla kayna\u015fma eylemine y\u00f6nelik tehlikelerinden uyard\u0131. Viyana\u2019da anayasay\u0131 koruma b\u00fcrosu M\u00fcd\u00fcr\u00fc Eric Tsvitler \u201ccihat\u00e7\u0131lar\u0131n\u201d sivil topluma y\u00f6nelik tehlikeleri hakk\u0131nda d\u00fczenlenen sempozyumda yapt\u0131\u011f\u0131 a\u00e7\u0131klamas\u0131nda, radikalizmin sebeplerini bilme zorunlulu\u011fu ile re\u015fit olmayan ve ergenlik \u00e7a\u011f\u0131na girmi\u015f olanlar ba\u015fta olmak \u00fczere gen\u00e7lerin &hellip;<\/p>\n","protected":false},"author":1,"featured_media":14679,"comment_status":"closed","ping_status":"closed","sticky":false,"template":"","format":"standard","meta":{"footnotes":""},"categories":[458,459,447],"tags":[5035],"class_list":["post-14678","post","type-post","status-publish","format-standard","has-post-thumbnail","","category-dunya1","category-haberler-arap-uluslararasi-politika","category-politika","tag-avusturyali-uzmanlar-cihatciligin-genclerine-yonelik-tehlikelerinden-uyariyor"],"_links":{"self":[{"href":"https:\/\/archive.sana.sy\/tr\/index.php?rest_route=\/wp\/v2\/posts\/14678","targetHints":{"allow":["GET"]}}],"collection":[{"href":"https:\/\/archive.sana.sy\/tr\/index.php?rest_route=\/wp\/v2\/posts"}],"about":[{"href":"https:\/\/archive.sana.sy\/tr\/index.php?rest_route=\/wp\/v2\/types\/post"}],"author":[{"embeddable":true,"href":"https:\/\/archive.sana.sy\/tr\/index.php?rest_route=\/wp\/v2\/users\/1"}],"replies":[{"embeddable":true,"href":"https:\/\/archive.sana.sy\/tr\/index.php?rest_route=%2Fwp%2Fv2%2Fcomments&post=14678"}],"version-history":[{"count":0,"href":"https:\/\/archive.sana.sy\/tr\/index.php?rest_route=\/wp\/v2\/posts\/14678\/revisions"}],"wp:featuredmedia":[{"embeddable":true,"href":"https:\/\/archive.sana.sy\/tr\/index.php?rest_route=\/wp\/v2\/media\/14679"}],"wp:attachment":[{"href":"https:\/\/archive.sana.sy\/tr\/index.php?rest_route=%2Fwp%2Fv2%2Fmedia&parent=14678"}],"wp:term":[{"taxonomy":"category","embeddable":true,"href":"https:\/\/archive.sana.sy\/tr\/index.php?rest_route=%2Fwp%2Fv2%2Fcategories&post=14678"},{"taxonomy":"post_tag","embeddable":true,"href":"https:\/\/archive.sana.sy\/tr\/index.php?rest_route=%2Fwp%2Fv2%2Ftags&post=14678"}],"curies":[{"name":"wp","href":"https:\/\/api.w.org\/{rel}","templated":true}]}}