{"id":14681,"date":"2014-11-05T10:35:32","date_gmt":"2014-11-05T08:35:32","guid":{"rendered":"http:\/\/www.sana.sy\/tr\/?p=14681"},"modified":"2014-11-06T11:10:30","modified_gmt":"2014-11-06T09:10:30","slug":"harasta-dahiyesi-ve-sam-semtlerine-teror-saldirilari-2-sehit-4-yarali","status":"publish","type":"post","link":"https:\/\/archive.sana.sy\/tr\/?p=14681","title":{"rendered":"&#8216;Il\u0131man Muhaliflerin&#8217; Korkak Sald\u0131r\u0131lar\u0131nda Bir\u00e7ok Vatanda\u015f \u015eehit ve Yaral\u0131 D\u00fc\u015ft\u00fc"},"content":{"rendered":"<p>\u015eAM ve KIRSALI \u2013 &#8216;Il\u0131man muhalifler&#8217; olarak adland\u0131r\u0131lan hain ve gaddar ter\u00f6ristlerin muhtelif b\u00f6lgelerde sivil yerle\u015fim alanlar\u0131na korkak ve hain sald\u0131r\u0131lar\u0131 devam ederken bug\u00fcn de bir\u00e7ok sivil vatanda\u015f \u015fehit ve yaral\u0131 d\u00fc\u015ft\u00fc.<\/p>\n<p>Gaddarlar\u0131n \u015eam K\u0131rsal\u0131 Harasta Dahiyesi\u2019ne havan roketleriyle d\u00fczenledikleri ter\u00f6r sald\u0131r\u0131s\u0131 sonucunda 2 vatanda\u015f \u015fehit d\u00fc\u015ft\u00fc.<\/p>\n<p>\u0130l Emniyet M\u00fcd\u00fcrl\u00fc\u011f\u00fcnde bir kaynak SANA muhabirine a\u00e7\u0131klamas\u0131nda, ter\u00f6ristlerin f\u0131rlatt\u0131klar\u0131 3 havan roketinin B1,B2 ve C3 adalar\u0131na d\u00fc\u015fmesi sonucunda iki vatanda\u015f\u0131n \u015fehit d\u00fc\u015fmesi baz\u0131 ev, i\u015f yeri ve ara\u00e7larda maddi zararlara yol a\u00e7t\u0131\u011f\u0131n\u0131 belirtti.<\/p>\n<p>Ter\u00f6ristler iki g\u00fcn \u00f6nce de ayn\u0131 b\u00f6lgedeki B1 ve C5 adalar\u0131n\u0131 4 havan roketiyle hedef almalar\u0131 sonucunda maddi zararlar olu\u015fmu\u015ftu.<\/p>\n<p>\u00d6te yandan \u015eam\u2019\u0131n R\u00fckneddin Semtinde ter\u00f6ristlerin f\u0131rlatt\u0131klar\u0131 havan sald\u0131r\u0131lar\u0131 sonucunda bir bayan yaraland\u0131 baz\u0131 evlerde de maddi zararlar meydana geldi.<\/p>\n<p>Kaynak, ter\u00f6ristlerin f\u0131rlatt\u0131klar\u0131 3 havan roketinin Esed\u00fcddin Mahallesine d\u00fc\u015ft\u00fc\u011f\u00fcn\u00fc bir bayan\u0131n yaralanmas\u0131, 3 ev ve baz\u0131 ara\u00e7larda maddi zararlar\u0131n meydana geldi\u011fini s\u00f6yledi.<\/p>\n<p>Ter\u00f6ristlerin \u015eam Semtlerine y\u00f6nelik d\u00fczenledi\u011fi ve tekrarlana gelen havanl\u0131 ter\u00f6r sald\u0131r\u0131lar\u0131nda Bab Tuma \u00e7evresine havan roketlerinin d\u00fc\u015fmesi sonucunda da 3 vatanda\u015f yaraland\u0131.<\/p>\n<p>\u00d6te yandan Elektrik Bakanl\u0131\u011f\u0131nda bir kaynak \u015eam k\u0131rsal\u0131 Zebadani Kentinde ter\u00f6ristlerin f\u0131rlatt\u0131klar\u0131 bir havan mermisinin d\u00fc\u015fmesi sonucunda il\u00e7e elektrik m\u00fcd\u00fcr\u00fc Basil \u0130sa\u2019n\u0131n ar\u0131za ekiplerinin \u00e7al\u0131\u015fmalar\u0131n\u0131 denetledi\u011fi s\u0131rada \u015fehit d\u00fc\u015ft\u00fc\u011f\u00fcn\u00fc aktard\u0131.<\/p>\n","protected":false},"excerpt":{"rendered":"<p>\u015eAM ve KIRSALI \u2013 &#8216;Il\u0131man muhalifler&#8217; olarak adland\u0131r\u0131lan hain ve gaddar ter\u00f6ristlerin muhtelif b\u00f6lgelerde sivil yerle\u015fim alanlar\u0131na korkak ve hain sald\u0131r\u0131lar\u0131 devam ederken bug\u00fcn de bir\u00e7ok sivil vatanda\u015f \u015fehit ve yaral\u0131 d\u00fc\u015ft\u00fc. Gaddarlar\u0131n \u015eam K\u0131rsal\u0131 Harasta Dahiyesi\u2019ne havan roketleriyle d\u00fczenledikleri ter\u00f6r sald\u0131r\u0131s\u0131 sonucunda 2 vatanda\u015f \u015fehit d\u00fc\u015ft\u00fc. \u0130l Emniyet M\u00fcd\u00fcrl\u00fc\u011f\u00fcnde bir kaynak SANA muhabirine a\u00e7\u0131klamas\u0131nda, &hellip;<\/p>\n","protected":false},"author":1,"featured_media":14682,"comment_status":"closed","ping_status":"closed","sticky":false,"template":"","format":"standard","meta":{"footnotes":""},"categories":[575],"tags":[5042,5037,5039,5036,5040,5079,5038,5041],"class_list":["post-14681","post","type-post","status-publish","format-standard","has-post-thumbnail","","category-olaylar-ve-gercekler","tag-3-ev-ve-bazi-araclarda-maddi-zararlarin-meydana-geldigini-soyledi-teroristlerin-sam-semtlerine-yonelik-duzenledigi-ve-tekrarlana-gelen-havanli-teror-saldirilarinda-bab-tuma-cevresine-havan-roketlerin","tag-4-yarali-sam-kirsali-hain-ve-gaddar-teroristlerin-sam-kirsali-harasta-dahiyesine-havan-roketleriyle-duzenledikleri-teror-saldirisi-sonucunda-2-vatandas-sehit-dustu-il-emniyet-mud","tag-b2-ve-c3-adalarina-dusmesi-sonucunda-iki-vatandasin-sehit-dusmesi-bazi-ev","tag-harasta-dahiyesi-ve-sam-semtlerine-teror-saldirilari-2-sehit","tag-is-yeri-ve-araclarda-maddi-zararlara-yol-actigini-belirtti-teroristler-iki-gun-once-de-ayni-bolgedeki-b1-ve-c5-adalarini-4-havan-roketiyle-hedef-almalari-sonucunda-maddi-zararlar-olusmustu-ote-yanda","tag-ote-yandan-elektrik-bakanliginda-bir-kaynak-sam-kirsali-zebadani-kentinde-teroristlerin-firlattiklari-bir-havan-mermisinin-dusmesi-sonucunda-ilce-elektrik-muduru-basil-isanin-ariza-ekiplerini","tag-teroristlerin-firlattiklari-3-havan-roketinin-b1","tag-teroristlerin-firlattiklari-3-havan-roketinin-eseduddin-mahallesine-dustugunu-bir-bayanin-yaralanmasi"],"_links":{"self":[{"href":"https:\/\/archive.sana.sy\/tr\/index.php?rest_route=\/wp\/v2\/posts\/14681","targetHints":{"allow":["GET"]}}],"collection":[{"href":"https:\/\/archive.sana.sy\/tr\/index.php?rest_route=\/wp\/v2\/posts"}],"about":[{"href":"https:\/\/archive.sana.sy\/tr\/index.php?rest_route=\/wp\/v2\/types\/post"}],"author":[{"embeddable":true,"href":"https:\/\/archive.sana.sy\/tr\/index.php?rest_route=\/wp\/v2\/users\/1"}],"replies":[{"embeddable":true,"href":"https:\/\/archive.sana.sy\/tr\/index.php?rest_route=%2Fwp%2Fv2%2Fcomments&post=14681"}],"version-history":[{"count":0,"href":"https:\/\/archive.sana.sy\/tr\/index.php?rest_route=\/wp\/v2\/posts\/14681\/revisions"}],"wp:featuredmedia":[{"embeddable":true,"href":"https:\/\/archive.sana.sy\/tr\/index.php?rest_route=\/wp\/v2\/media\/14682"}],"wp:attachment":[{"href":"https:\/\/archive.sana.sy\/tr\/index.php?rest_route=%2Fwp%2Fv2%2Fmedia&parent=14681"}],"wp:term":[{"taxonomy":"category","embeddable":true,"href":"https:\/\/archive.sana.sy\/tr\/index.php?rest_route=%2Fwp%2Fv2%2Fcategories&post=14681"},{"taxonomy":"post_tag","embeddable":true,"href":"https:\/\/archive.sana.sy\/tr\/index.php?rest_route=%2Fwp%2Fv2%2Ftags&post=14681"}],"curies":[{"name":"wp","href":"https:\/\/api.w.org\/{rel}","templated":true}]}}