{"id":146813,"date":"2018-04-22T14:45:49","date_gmt":"2018-04-22T11:45:49","guid":{"rendered":"https:\/\/www.sana.sy\/tr\/?p=146813"},"modified":"2018-04-23T14:41:28","modified_gmt":"2018-04-23T11:41:28","slug":"suriye-sampiyonada-12-madalya-kazandi","status":"publish","type":"post","link":"https:\/\/archive.sana.sy\/tr\/?p=146813","title":{"rendered":"Suriye \u015eampiyonada 12 Madalya Kazand\u0131"},"content":{"rendered":"<p>BA\u011eDAT \u2013 Irak\u2019\u0131n ba\u015fkenti Ba\u011fdat\u2019ta d\u00fczenlenen Arap Gen\u00e7 G\u00fcre\u015f\u00e7iler \u015eampiyonas\u0131nda Suriye g\u00fcre\u015f\u00e7iler tak\u0131m\u0131 12 madalya kazand\u0131.<\/p>\n<p>\u00dcrd\u00fcn, Irak, L\u00fcbnan, Filistin, Yemen, Sudan, Tunus, Cezayir ve Fas\u2019\u0131n da kat\u0131ld\u0131klar\u0131 \u015fampiyonada Suriye tak\u0131m\u0131 7 alt\u0131n, 2 g\u00fcm\u00fc\u015f ve 3 bronz madalya kazand\u0131.<\/p>\n","protected":false},"excerpt":{"rendered":"<p>BA\u011eDAT \u2013 Irak\u2019\u0131n ba\u015fkenti Ba\u011fdat\u2019ta d\u00fczenlenen Arap Gen\u00e7 G\u00fcre\u015f\u00e7iler \u015eampiyonas\u0131nda Suriye g\u00fcre\u015f\u00e7iler tak\u0131m\u0131 12 madalya kazand\u0131. \u00dcrd\u00fcn, Irak, L\u00fcbnan, Filistin, Yemen, Sudan, Tunus, Cezayir ve Fas\u2019\u0131n da kat\u0131ld\u0131klar\u0131 \u015fampiyonada Suriye tak\u0131m\u0131 7 alt\u0131n, 2 g\u00fcm\u00fc\u015f ve 3 bronz madalya kazand\u0131.<\/p>\n","protected":false},"author":1,"featured_media":146814,"comment_status":"closed","ping_status":"closed","sticky":false,"template":"","format":"standard","meta":{"footnotes":""},"categories":[458,498,459,17988,496],"tags":[35947,31547,35949,35948,35945,10058,1978,16591,35946],"class_list":["post-146813","post","type-post","status-publish","format-standard","has-post-thumbnail","","category-dunya1","category-dunya-turnuvalari","category-haberler-arap-uluslararasi-politika","category-son-haberler","category-spor","tag-12-madalya","tag-2-gumus","tag-3-bronz","tag-7-altin","tag-arap-genc-guresciler-sampiyonasi","tag-bagdat","tag-irak","tag-suriye","tag-suriye-guresciler-takimi"],"_links":{"self":[{"href":"https:\/\/archive.sana.sy\/tr\/index.php?rest_route=\/wp\/v2\/posts\/146813","targetHints":{"allow":["GET"]}}],"collection":[{"href":"https:\/\/archive.sana.sy\/tr\/index.php?rest_route=\/wp\/v2\/posts"}],"about":[{"href":"https:\/\/archive.sana.sy\/tr\/index.php?rest_route=\/wp\/v2\/types\/post"}],"author":[{"embeddable":true,"href":"https:\/\/archive.sana.sy\/tr\/index.php?rest_route=\/wp\/v2\/users\/1"}],"replies":[{"embeddable":true,"href":"https:\/\/archive.sana.sy\/tr\/index.php?rest_route=%2Fwp%2Fv2%2Fcomments&post=146813"}],"version-history":[{"count":0,"href":"https:\/\/archive.sana.sy\/tr\/index.php?rest_route=\/wp\/v2\/posts\/146813\/revisions"}],"wp:featuredmedia":[{"embeddable":true,"href":"https:\/\/archive.sana.sy\/tr\/index.php?rest_route=\/wp\/v2\/media\/146814"}],"wp:attachment":[{"href":"https:\/\/archive.sana.sy\/tr\/index.php?rest_route=%2Fwp%2Fv2%2Fmedia&parent=146813"}],"wp:term":[{"taxonomy":"category","embeddable":true,"href":"https:\/\/archive.sana.sy\/tr\/index.php?rest_route=%2Fwp%2Fv2%2Fcategories&post=146813"},{"taxonomy":"post_tag","embeddable":true,"href":"https:\/\/archive.sana.sy\/tr\/index.php?rest_route=%2Fwp%2Fv2%2Ftags&post=146813"}],"curies":[{"name":"wp","href":"https:\/\/api.w.org\/{rel}","templated":true}]}}