{"id":146829,"date":"2018-04-23T11:00:48","date_gmt":"2018-04-23T08:00:48","guid":{"rendered":"https:\/\/www.sana.sy\/tr\/?p=146829"},"modified":"2018-04-24T16:08:09","modified_gmt":"2018-04-24T13:08:09","slug":"savunma-bakani-dogu-kalemun-bolgesini-ziyaret-etti","status":"publish","type":"post","link":"https:\/\/archive.sana.sy\/tr\/?p=146829","title":{"rendered":"Savunma Bakan\u0131 Do\u011fu Kalemun B\u00f6lgesini Ziyaret Etti"},"content":{"rendered":"<p>\u015eAM KIRSALI \u2013 Ordu ve Silahl\u0131 Kuvvetler Genel Komutan Yard\u0131mc\u0131s\u0131 Savunma Bakan\u0131 Korgeneral Ali Abdullah Ey\u00fcp d\u00fcn genel komutanl\u0131kta \u00fcst r\u00fctbeli subaylar\u0131n e\u015fli\u011finde d\u00fcn \u015eam k\u0131rsal\u0131 Do\u011fu Kalemun B\u00f6lgesine saha ziyaretinde bulundu.<\/p>\n<p><a href=\"https:\/\/www.sana.sy\/tr\/wp-content\/uploads\/2018\/04\/05-11.jpg\"><img loading=\"lazy\" decoding=\"async\" class=\"alignright wp-image-146835 size-medium\" src=\"https:\/\/www.sana.sy\/tr\/wp-content\/uploads\/2018\/04\/05-11-300x199.jpg\" alt=\"\" width=\"300\" height=\"199\" srcset=\"https:\/\/archive.sana.sy\/tr\/wp-content\/uploads\/2018\/04\/05-11-300x199.jpg 300w, https:\/\/archive.sana.sy\/tr\/wp-content\/uploads\/2018\/04\/05-11-150x99.jpg 150w, https:\/\/archive.sana.sy\/tr\/wp-content\/uploads\/2018\/04\/05-11-768x509.jpg 768w, https:\/\/archive.sana.sy\/tr\/wp-content\/uploads\/2018\/04\/05-11-1024x678.jpg 1024w, https:\/\/archive.sana.sy\/tr\/wp-content\/uploads\/2018\/04\/05-11-310x205.jpg 310w\" sizes=\"auto, (max-width: 300px) 100vw, 300px\" \/><\/a>Ordu ve Silahl\u0131 Kuvvetler Genel Komutan\u0131 Orgeneral Be\u015f\u015far el Esad\u2019\u0131n y\u00f6nlendirmeleri \u00fczerine bulundu\u011fu ziyaretinde Korgeneral Ey\u00fcp; Do\u011fu Kalemun\u2019da ordu birliklerimizin ter\u00f6rden kurtard\u0131klar\u0131 b\u00f6lgelerde g\u00f6rev yapan askeri birliklerimizi ziyaret etti.<\/p>\n<p>Korgeneral Ey\u00fcp ordu birliklerimizin farkl\u0131 b\u00f6lgelerde vatan ve vatanda\u015flar\u0131 savunmada sergiledikleri kahramanl\u0131\u011f\u0131n yan\u0131 s\u0131ra insani ve ulusal sorumlulu\u011fu \u00f6vd\u00fc.<\/p>\n<p>B\u00f6lgede bulunan ve silahlar\u0131n\u0131 b\u0131rakmay\u0131 reddeden ter\u00f6ristlerin Suriye&#8217;nin kuzeyine aktar\u0131lmadan \u00f6nce teslim ettikleri silahlar ve a\u011f\u0131r askeri ara\u00e7lar\u0131n bir k\u0131sm\u0131n\u0131 g\u00f6zden ge\u00e7iren Savunma Bakan\u0131 Ey\u00fcp; bir k\u0131sm\u0131n\u0131n ABD, \u0130srail ve Avrupa devletlerinin yap\u0131m\u0131 oldu\u011funa dikkat \u00e7ekti. Ey\u00fcp t\u00fcm bunlar\u0131n ba\u015fkent \u015eam ve k\u0131rsal\u0131nda milyonlarca vatanda\u015f\u0131n can ve mal g\u00fcvenli\u011fini g\u00fcnl\u00fck f\u00fcze sald\u0131r\u0131lar\u0131 ile sald\u0131ran radikal ter\u00f6ristlerin Bat\u0131l\u0131 devletlerden ald\u0131klar\u0131 deste\u011fi ortaya koydu\u011funa vurgu yapt\u0131.<a href=\"https:\/\/www.sana.sy\/tr\/wp-content\/uploads\/2018\/04\/03-14.jpg\"><img loading=\"lazy\" decoding=\"async\" class=\"alignright wp-image-146833 size-medium\" src=\"https:\/\/www.sana.sy\/tr\/wp-content\/uploads\/2018\/04\/03-14-300x199.jpg\" alt=\"\" width=\"300\" height=\"199\" srcset=\"https:\/\/archive.sana.sy\/tr\/wp-content\/uploads\/2018\/04\/03-14-300x199.jpg 300w, https:\/\/archive.sana.sy\/tr\/wp-content\/uploads\/2018\/04\/03-14-150x100.jpg 150w, https:\/\/archive.sana.sy\/tr\/wp-content\/uploads\/2018\/04\/03-14-768x510.jpg 768w, https:\/\/archive.sana.sy\/tr\/wp-content\/uploads\/2018\/04\/03-14-1024x680.jpg 1024w, https:\/\/archive.sana.sy\/tr\/wp-content\/uploads\/2018\/04\/03-14-310x205.jpg 310w\" sizes=\"auto, (max-width: 300px) 100vw, 300px\" \/><\/a><\/p>\n<p>Korgeneral Ey\u00fcp ter\u00f6ristlerin a\u011f\u0131r yenilgilere u\u011frat\u0131lmalar\u0131 ve teslimiyeti kabullenmelerinde b\u00fcy\u00fck bir rol oynayan hava savunma g\u00fc\u00e7lerimiz ile de bir araya geldi. Hava savunma g\u00fc\u00e7lerimizin 14 Nisan tarihinde ABD, \u0130ngiltere ve Fransa\u2019n\u0131n f\u00fcze sald\u0131r\u0131lar\u0131na ba\u015far\u0131yla kar\u015f\u0131 koymalar\u0131n\u0131 \u00f6ven Ey\u00fcp; d\u00fc\u015fman f\u00fczelerin b\u00fcy\u00fck \u00e7o\u011funlu\u011funun hedefe ula\u015fmadan imha edilmelerinin \u00f6nemli bir ba\u015far\u0131 oldu\u011funu kaydetti.<\/p>\n<p>Savunma Bakan\u0131 Ey\u00fcp\u2019\u00fcn Kalemun B\u00f6lgesine ziyareti s\u0131ras\u0131nda yerel ahali ve halk\u0131n \u00f6nde gelenleri yol kenar\u0131nda toplanarak Suriye ve lideri Be\u015f\u015far el Esad ad\u0131na sloganlar att\u0131. Ordu birliklerimize \u00f6vg\u00fc sloganlar\u0131 da atan b\u00f6lge ahalisi; kendilerini ter\u00f6rden kurtaracaklar\u0131 konusunda hi\u00e7bir zaman umutlar\u0131n\u0131n t\u00fckenmedi\u011fini ifade ettiler.<\/p>\n<div id='gallery-1' class='gallery galleryid-146829 gallery-columns-1 gallery-size-large'><figure class='gallery-item'>\n\t\t\t<div class='gallery-icon landscape'>\n\t\t\t\t<a href='https:\/\/archive.sana.sy\/tr\/wp-content\/uploads\/2018\/04\/01-19.jpg'><img loading=\"lazy\" decoding=\"async\" width=\"618\" height=\"406\" src=\"https:\/\/archive.sana.sy\/tr\/wp-content\/uploads\/2018\/04\/01-19-1024x673.jpg\" class=\"attachment-large size-large\" alt=\"\" srcset=\"https:\/\/archive.sana.sy\/tr\/wp-content\/uploads\/2018\/04\/01-19-1024x673.jpg 1024w, https:\/\/archive.sana.sy\/tr\/wp-content\/uploads\/2018\/04\/01-19-150x99.jpg 150w, https:\/\/archive.sana.sy\/tr\/wp-content\/uploads\/2018\/04\/01-19-300x197.jpg 300w, https:\/\/archive.sana.sy\/tr\/wp-content\/uploads\/2018\/04\/01-19-768x505.jpg 768w, https:\/\/archive.sana.sy\/tr\/wp-content\/uploads\/2018\/04\/01-19-310x205.jpg 310w\" sizes=\"auto, (max-width: 618px) 100vw, 618px\" \/><\/a>\n\t\t\t<\/div><\/figure><figure class='gallery-item'>\n\t\t\t<div class='gallery-icon landscape'>\n\t\t\t\t<a href='https:\/\/archive.sana.sy\/tr\/wp-content\/uploads\/2018\/04\/02-17.jpg'><img loading=\"lazy\" decoding=\"async\" width=\"618\" height=\"412\" src=\"https:\/\/archive.sana.sy\/tr\/wp-content\/uploads\/2018\/04\/02-17-1024x683.jpg\" class=\"attachment-large size-large\" alt=\"\" srcset=\"https:\/\/archive.sana.sy\/tr\/wp-content\/uploads\/2018\/04\/02-17-1024x683.jpg 1024w, https:\/\/archive.sana.sy\/tr\/wp-content\/uploads\/2018\/04\/02-17-150x100.jpg 150w, https:\/\/archive.sana.sy\/tr\/wp-content\/uploads\/2018\/04\/02-17-300x200.jpg 300w, https:\/\/archive.sana.sy\/tr\/wp-content\/uploads\/2018\/04\/02-17-768x512.jpg 768w\" sizes=\"auto, (max-width: 618px) 100vw, 618px\" \/><\/a>\n\t\t\t<\/div><\/figure><figure class='gallery-item'>\n\t\t\t<div class='gallery-icon landscape'>\n\t\t\t\t<a href='https:\/\/archive.sana.sy\/tr\/wp-content\/uploads\/2018\/04\/04-16.jpg'><img loading=\"lazy\" decoding=\"async\" width=\"618\" height=\"410\" src=\"https:\/\/archive.sana.sy\/tr\/wp-content\/uploads\/2018\/04\/04-16-1024x680.jpg\" class=\"attachment-large size-large\" alt=\"\" srcset=\"https:\/\/archive.sana.sy\/tr\/wp-content\/uploads\/2018\/04\/04-16-1024x680.jpg 1024w, https:\/\/archive.sana.sy\/tr\/wp-content\/uploads\/2018\/04\/04-16-150x100.jpg 150w, https:\/\/archive.sana.sy\/tr\/wp-content\/uploads\/2018\/04\/04-16-300x199.jpg 300w, https:\/\/archive.sana.sy\/tr\/wp-content\/uploads\/2018\/04\/04-16-768x510.jpg 768w, https:\/\/archive.sana.sy\/tr\/wp-content\/uploads\/2018\/04\/04-16-310x205.jpg 310w\" sizes=\"auto, (max-width: 618px) 100vw, 618px\" \/><\/a>\n\t\t\t<\/div><\/figure>\n\t\t<\/div>\n\n","protected":false},"excerpt":{"rendered":"<p>\u015eAM KIRSALI \u2013 Ordu ve Silahl\u0131 Kuvvetler Genel Komutan Yard\u0131mc\u0131s\u0131 Savunma Bakan\u0131 Korgeneral Ali Abdullah Ey\u00fcp d\u00fcn genel komutanl\u0131kta \u00fcst r\u00fctbeli subaylar\u0131n e\u015fli\u011finde d\u00fcn \u015eam k\u0131rsal\u0131 Do\u011fu Kalemun B\u00f6lgesine saha ziyaretinde bulundu. Ordu ve Silahl\u0131 Kuvvetler Genel Komutan\u0131 Orgeneral Be\u015f\u015far el Esad\u2019\u0131n y\u00f6nlendirmeleri \u00fczerine bulundu\u011fu ziyaretinde Korgeneral Ey\u00fcp; Do\u011fu Kalemun\u2019da ordu birliklerimizin ter\u00f6rden kurtard\u0131klar\u0131 b\u00f6lgelerde &hellip;<\/p>\n","protected":false},"author":1,"featured_media":146836,"comment_status":"closed","ping_status":"closed","sticky":false,"template":"","format":"standard","meta":{"footnotes":""},"categories":[596,479,17988,478],"tags":[23847,19968,20113,35924,2755,2297,19076,11549,19034],"class_list":["post-146829","post","type-post","status-publish","format-standard","has-post-thumbnail","","category-fotografli-raporlar","category-haberler-yerel","category-son-haberler","category-yerel","tag-ali-abdullah-eyup","tag-bessar-esad","tag-esad","tag-kalemun","tag-sam","tag-sam-kirsali","tag-savunma-bakani","tag-suriye-ordusu","tag-suriyeli-muhalifler"],"_links":{"self":[{"href":"https:\/\/archive.sana.sy\/tr\/index.php?rest_route=\/wp\/v2\/posts\/146829","targetHints":{"allow":["GET"]}}],"collection":[{"href":"https:\/\/archive.sana.sy\/tr\/index.php?rest_route=\/wp\/v2\/posts"}],"about":[{"href":"https:\/\/archive.sana.sy\/tr\/index.php?rest_route=\/wp\/v2\/types\/post"}],"author":[{"embeddable":true,"href":"https:\/\/archive.sana.sy\/tr\/index.php?rest_route=\/wp\/v2\/users\/1"}],"replies":[{"embeddable":true,"href":"https:\/\/archive.sana.sy\/tr\/index.php?rest_route=%2Fwp%2Fv2%2Fcomments&post=146829"}],"version-history":[{"count":0,"href":"https:\/\/archive.sana.sy\/tr\/index.php?rest_route=\/wp\/v2\/posts\/146829\/revisions"}],"wp:featuredmedia":[{"embeddable":true,"href":"https:\/\/archive.sana.sy\/tr\/index.php?rest_route=\/wp\/v2\/media\/146836"}],"wp:attachment":[{"href":"https:\/\/archive.sana.sy\/tr\/index.php?rest_route=%2Fwp%2Fv2%2Fmedia&parent=146829"}],"wp:term":[{"taxonomy":"category","embeddable":true,"href":"https:\/\/archive.sana.sy\/tr\/index.php?rest_route=%2Fwp%2Fv2%2Fcategories&post=146829"},{"taxonomy":"post_tag","embeddable":true,"href":"https:\/\/archive.sana.sy\/tr\/index.php?rest_route=%2Fwp%2Fv2%2Ftags&post=146829"}],"curies":[{"name":"wp","href":"https:\/\/api.w.org\/{rel}","templated":true}]}}