{"id":146830,"date":"2018-04-23T10:09:14","date_gmt":"2018-04-23T07:09:14","guid":{"rendered":"https:\/\/www.sana.sy\/tr\/?p=146830"},"modified":"2018-04-24T13:12:26","modified_gmt":"2018-04-24T10:12:26","slug":"samin-guney-kenarlari-terorden-kurtariliyor","status":"publish","type":"post","link":"https:\/\/archive.sana.sy\/tr\/?p=146830","title":{"rendered":"\u015eam\u2019\u0131n G\u00fcney Kenarlar\u0131  ve Hama K\u0131rsal\u0131nda Operasyonlar Amans\u0131z Devam Ediyor"},"content":{"rendered":"<p>\u0130LLER \u2013 Vatan koruyucular\u0131 ordu birliklerimiz ba\u015fkent \u015eam\u2019\u0131n g\u00fcney kenarlar\u0131 Hacer el Esved ve Yerm\u00fck b\u00f6lgelerinde radikal ter\u00f6re kar\u015f\u0131 nitelikli operasyonlar\u0131n\u0131 s\u00fcrd\u00fcr\u00fcyor.<\/p>\n<p><span style=\"color: #0000ff\">\u015eAM KIRSALI:<\/span><\/p>\n<p>SANA\u2019n\u0131n sava\u015f muhabiri top\u00e7u birliklerimiz ve hava g\u00fc\u00e7lerimizin deste\u011fi ile devam eden operasyonlarda ter\u00f6ristlerin komuta karargahlar\u0131, cephane depolar\u0131, hareket eksenleri ve siperlerine nitelikli operasyonlarla yok etmeye devam ettiklerini ifade etti. Muhabir operasyonlarda ter\u00f6ristlerin be\u015feri ve cephane a\u00e7\u0131s\u0131ndan ciddi kay\u0131plara u\u011frat\u0131ld\u0131klar\u0131n\u0131 kaydetti.<\/p>\n<p>Operasyonlarda ordu birliklerimizin nitelikli ilerlemeler kaydedip kontrolleri alt\u0131ndaki alanlar\u0131 geni\u015flettiklerini ifade eden muhabir; \u015eam\u2019\u0131n g\u00fcney kenarlar\u0131n\u0131n tamam\u0131n\u0131n ter\u00f6rden kurtar\u0131lmas\u0131na dek operasyonlar\u0131n amans\u0131z ve azimli bir \u015fekilde devam edece\u011finin alt\u0131n\u0131 \u00e7izdi.<\/p>\n<p><span style=\"color: #0000ff\">HAMA:<\/span><\/p>\n<p>Di\u011fer yandan askeri bir kaynak ordu birliklerimizin Hama k\u0131rsal\u0131n\u0131n g\u00fcneyinde radikal ter\u00f6ristlerin karargah ve mevkilerini yo\u011fun ate\u015fe tuttuklar\u0131n\u0131 belirtti.<\/p>\n<p>Kaynak top\u00e7u birliklerimizin Aydun, Sathiyat ve Amiriye b\u00f6lgelerinde Nusra Cephesi ve m\u00fcttefikleri di\u011fer ter\u00f6r \u00f6rg\u00fctlere ait 4 ana karargah\u0131 i\u00e7lerinde bulunan ter\u00f6ristler ve cephaneyle birlikte tamamen imha ettiklerini vurgulad\u0131.<\/p>\n<p>Ordu birliklerimizin yine Hama k\u0131rsal\u0131n\u0131n g\u00fcneyi Hamrat beldesi ekseninde ter\u00f6ristlerle \u015fiddetli \u00e7at\u0131\u015fmalara girdiklerini kaydeden askeri kaynak; \u00e7at\u0131\u015fmalarda kimlikleri tespit edilen az\u0131l\u0131 eleba\u015flar\u0131n bulundu\u011fu onlarca ter\u00f6ristin \u00f6ld\u00fcr\u00fcld\u00fc\u011f\u00fcn\u00fc s\u00f6yledi.<\/p>\n","protected":false},"excerpt":{"rendered":"<p>\u0130LLER \u2013 Vatan koruyucular\u0131 ordu birliklerimiz ba\u015fkent \u015eam\u2019\u0131n g\u00fcney kenarlar\u0131 Hacer el Esved ve Yerm\u00fck b\u00f6lgelerinde radikal ter\u00f6re kar\u015f\u0131 nitelikli operasyonlar\u0131n\u0131 s\u00fcrd\u00fcr\u00fcyor. \u015eAM KIRSALI: SANA\u2019n\u0131n sava\u015f muhabiri top\u00e7u birliklerimiz ve hava g\u00fc\u00e7lerimizin deste\u011fi ile devam eden operasyonlarda ter\u00f6ristlerin komuta karargahlar\u0131, cephane depolar\u0131, hareket eksenleri ve siperlerine nitelikli operasyonlarla yok etmeye devam ettiklerini ifade etti. Muhabir &hellip;<\/p>\n","protected":false},"author":1,"featured_media":146839,"comment_status":"closed","ping_status":"closed","sticky":false,"template":"","format":"standard","meta":{"footnotes":""},"categories":[479,575,17988,478],"tags":[2755,2297,16591,11549,19034],"class_list":["post-146830","post","type-post","status-publish","format-standard","has-post-thumbnail","","category-haberler-yerel","category-olaylar-ve-gercekler","category-son-haberler","category-yerel","tag-sam","tag-sam-kirsali","tag-suriye","tag-suriye-ordusu","tag-suriyeli-muhalifler"],"_links":{"self":[{"href":"https:\/\/archive.sana.sy\/tr\/index.php?rest_route=\/wp\/v2\/posts\/146830","targetHints":{"allow":["GET"]}}],"collection":[{"href":"https:\/\/archive.sana.sy\/tr\/index.php?rest_route=\/wp\/v2\/posts"}],"about":[{"href":"https:\/\/archive.sana.sy\/tr\/index.php?rest_route=\/wp\/v2\/types\/post"}],"author":[{"embeddable":true,"href":"https:\/\/archive.sana.sy\/tr\/index.php?rest_route=\/wp\/v2\/users\/1"}],"replies":[{"embeddable":true,"href":"https:\/\/archive.sana.sy\/tr\/index.php?rest_route=%2Fwp%2Fv2%2Fcomments&post=146830"}],"version-history":[{"count":0,"href":"https:\/\/archive.sana.sy\/tr\/index.php?rest_route=\/wp\/v2\/posts\/146830\/revisions"}],"wp:featuredmedia":[{"embeddable":true,"href":"https:\/\/archive.sana.sy\/tr\/index.php?rest_route=\/wp\/v2\/media\/146839"}],"wp:attachment":[{"href":"https:\/\/archive.sana.sy\/tr\/index.php?rest_route=%2Fwp%2Fv2%2Fmedia&parent=146830"}],"wp:term":[{"taxonomy":"category","embeddable":true,"href":"https:\/\/archive.sana.sy\/tr\/index.php?rest_route=%2Fwp%2Fv2%2Fcategories&post=146830"},{"taxonomy":"post_tag","embeddable":true,"href":"https:\/\/archive.sana.sy\/tr\/index.php?rest_route=%2Fwp%2Fv2%2Ftags&post=146830"}],"curies":[{"name":"wp","href":"https:\/\/api.w.org\/{rel}","templated":true}]}}