{"id":146854,"date":"2018-04-23T14:31:11","date_gmt":"2018-04-23T11:31:11","guid":{"rendered":"https:\/\/www.sana.sy\/tr\/?p=146854"},"modified":"2018-04-24T16:07:04","modified_gmt":"2018-04-24T13:07:04","slug":"fua-ve-kefrayya-beldelerine-saldirilari-devam-ediyor","status":"publish","type":"post","link":"https:\/\/archive.sana.sy\/tr\/?p=146854","title":{"rendered":"Fua ve Kefrayya Beldelerine Sald\u0131r\u0131lar\u0131 Devam Ediyor"},"content":{"rendered":"<p>\u0130DL\u0130B \u2013 \u0130dlib k\u0131rsal\u0131n\u0131n kuzeyinde radikal ter\u00f6ristlerin d\u00fcnyan\u0131n sessizli\u011fi alt\u0131nda s\u0131k\u0131 ku\u015fatma alt\u0131nda tuttuklar\u0131 Fua ve Kefrayya beldelerine sald\u0131r\u0131lar\u0131nda bug\u00fcn belde ahalisinden bir sivil vatanda\u015f yaraland\u0131.<\/p>\n<p>Fua ve Kefrayya beldelerinde yerel kaynaklar SANA\u2019ya a\u00e7\u0131klamalar\u0131nda; Benni\u015f Beldesinde bulunan Nusra Cephesi ve m\u00fcttefikleri ter\u00f6r \u00f6rg\u00fctlerin bug\u00fcn iki beldeye keskin ni\u015fanc\u0131 silahlar\u0131yla ate\u015f a\u00e7t\u0131klar\u0131n\u0131 belirtti. Kaynaklar ter\u00f6r sald\u0131r\u0131lar\u0131nda bir sivil vatanda\u015f\u0131n yaraland\u0131\u011f\u0131n\u0131 aktard\u0131.<\/p>\n<p>Ge\u00e7en \u00c7ar\u015famba g\u00fcn\u00fc benzer sald\u0131r\u0131larda 2 sivil vatanda\u015f\u0131n yaraland\u0131\u011f\u0131na dikkat \u00e7eken kaynaklar; iki beldede 8 binden fazla sivil vatanda\u015f\u0131n ter\u00f6ristlerin g\u00fcn\u00fcbirlik sald\u0131r\u0131lar\u0131 ve s\u0131k\u0131 ku\u015fatmalar\u0131 nedeniyle insanl\u0131k d\u0131\u015f\u0131 ko\u015fullar ya\u015famakta olduklar\u0131n\u0131n alt\u0131n\u0131 \u00e7izdi.<\/p>\n","protected":false},"excerpt":{"rendered":"<p>\u0130DL\u0130B \u2013 \u0130dlib k\u0131rsal\u0131n\u0131n kuzeyinde radikal ter\u00f6ristlerin d\u00fcnyan\u0131n sessizli\u011fi alt\u0131nda s\u0131k\u0131 ku\u015fatma alt\u0131nda tuttuklar\u0131 Fua ve Kefrayya beldelerine sald\u0131r\u0131lar\u0131nda bug\u00fcn belde ahalisinden bir sivil vatanda\u015f yaraland\u0131. Fua ve Kefrayya beldelerinde yerel kaynaklar SANA\u2019ya a\u00e7\u0131klamalar\u0131nda; Benni\u015f Beldesinde bulunan Nusra Cephesi ve m\u00fcttefikleri ter\u00f6r \u00f6rg\u00fctlerin bug\u00fcn iki beldeye keskin ni\u015fanc\u0131 silahlar\u0131yla ate\u015f a\u00e7t\u0131klar\u0131n\u0131 belirtti. Kaynaklar ter\u00f6r sald\u0131r\u0131lar\u0131nda &hellip;<\/p>\n","protected":false},"author":1,"featured_media":146858,"comment_status":"closed","ping_status":"closed","sticky":false,"template":"","format":"standard","meta":{"footnotes":""},"categories":[479,575,17988,478],"tags":[35954,1294,18174,16591,13043,19034,22181],"class_list":["post-146854","post","type-post","status-publish","format-standard","has-post-thumbnail","","category-haberler-yerel","category-olaylar-ve-gercekler","category-son-haberler","category-yerel","tag-fua-ve-kfrayya","tag-idlib","tag-sivillere-saldiri","tag-suriye","tag-suriye-halki","tag-suriyeli-muhalifler","tag-suriyeliler"],"_links":{"self":[{"href":"https:\/\/archive.sana.sy\/tr\/index.php?rest_route=\/wp\/v2\/posts\/146854","targetHints":{"allow":["GET"]}}],"collection":[{"href":"https:\/\/archive.sana.sy\/tr\/index.php?rest_route=\/wp\/v2\/posts"}],"about":[{"href":"https:\/\/archive.sana.sy\/tr\/index.php?rest_route=\/wp\/v2\/types\/post"}],"author":[{"embeddable":true,"href":"https:\/\/archive.sana.sy\/tr\/index.php?rest_route=\/wp\/v2\/users\/1"}],"replies":[{"embeddable":true,"href":"https:\/\/archive.sana.sy\/tr\/index.php?rest_route=%2Fwp%2Fv2%2Fcomments&post=146854"}],"version-history":[{"count":0,"href":"https:\/\/archive.sana.sy\/tr\/index.php?rest_route=\/wp\/v2\/posts\/146854\/revisions"}],"wp:featuredmedia":[{"embeddable":true,"href":"https:\/\/archive.sana.sy\/tr\/index.php?rest_route=\/wp\/v2\/media\/146858"}],"wp:attachment":[{"href":"https:\/\/archive.sana.sy\/tr\/index.php?rest_route=%2Fwp%2Fv2%2Fmedia&parent=146854"}],"wp:term":[{"taxonomy":"category","embeddable":true,"href":"https:\/\/archive.sana.sy\/tr\/index.php?rest_route=%2Fwp%2Fv2%2Fcategories&post=146854"},{"taxonomy":"post_tag","embeddable":true,"href":"https:\/\/archive.sana.sy\/tr\/index.php?rest_route=%2Fwp%2Fv2%2Ftags&post=146854"}],"curies":[{"name":"wp","href":"https:\/\/api.w.org\/{rel}","templated":true}]}}