{"id":146880,"date":"2018-04-23T22:00:05","date_gmt":"2018-04-23T19:00:05","guid":{"rendered":"https:\/\/www.sana.sy\/tr\/?p=146880"},"modified":"2018-04-23T15:33:05","modified_gmt":"2018-04-23T12:33:05","slug":"sam-kirsali-duma-kentinde-tabu-dairesi-calisanlari-teroristlerin-arsiv-ve-belgeleri-beraberlerinde-goturmelerine-mani-oldu","status":"publish","type":"post","link":"https:\/\/archive.sana.sy\/tr\/?p=146880","title":{"rendered":"\u015eam k\u0131rsal\u0131 Duma Kentinde Tabu Dairesi \u00e7al\u0131\u015fanlar\u0131 ter\u00f6ristlerin ar\u015fiv ve belgeleri beraberlerinde g\u00f6t\u00fcrmelerine mani oldu"},"content":{"rendered":"<p>\u015eam k\u0131rsal\u0131 Duma Kentinde Tabu Dairesi \u00e7al\u0131\u015fanlar\u0131 ter\u00f6ristlerin ar\u015fiv ve belgeleri beraberlerinde g\u00f6t\u00fcrmelerine mani oldu<\/p>\n<p>https:\/\/www.youtube.com\/watch?v=y2-rcLJNhzE<\/p>\n","protected":false},"excerpt":{"rendered":"<p>\u015eam k\u0131rsal\u0131 Duma Kentinde Tabu Dairesi \u00e7al\u0131\u015fanlar\u0131 ter\u00f6ristlerin ar\u015fiv ve belgeleri beraberlerinde g\u00f6t\u00fcrmelerine mani oldu https:\/\/www.youtube.com\/watch?v=y2-rcLJNhzE<\/p>\n","protected":false},"author":1,"featured_media":146892,"comment_status":"closed","ping_status":"closed","sticky":false,"template":"","format":"standard","meta":{"footnotes":""},"categories":[18295],"tags":[],"class_list":["post-146880","post","type-post","status-publish","format-standard","has-post-thumbnail","","category-sana-video"],"_links":{"self":[{"href":"https:\/\/archive.sana.sy\/tr\/index.php?rest_route=\/wp\/v2\/posts\/146880","targetHints":{"allow":["GET"]}}],"collection":[{"href":"https:\/\/archive.sana.sy\/tr\/index.php?rest_route=\/wp\/v2\/posts"}],"about":[{"href":"https:\/\/archive.sana.sy\/tr\/index.php?rest_route=\/wp\/v2\/types\/post"}],"author":[{"embeddable":true,"href":"https:\/\/archive.sana.sy\/tr\/index.php?rest_route=\/wp\/v2\/users\/1"}],"replies":[{"embeddable":true,"href":"https:\/\/archive.sana.sy\/tr\/index.php?rest_route=%2Fwp%2Fv2%2Fcomments&post=146880"}],"version-history":[{"count":0,"href":"https:\/\/archive.sana.sy\/tr\/index.php?rest_route=\/wp\/v2\/posts\/146880\/revisions"}],"wp:featuredmedia":[{"embeddable":true,"href":"https:\/\/archive.sana.sy\/tr\/index.php?rest_route=\/wp\/v2\/media\/146892"}],"wp:attachment":[{"href":"https:\/\/archive.sana.sy\/tr\/index.php?rest_route=%2Fwp%2Fv2%2Fmedia&parent=146880"}],"wp:term":[{"taxonomy":"category","embeddable":true,"href":"https:\/\/archive.sana.sy\/tr\/index.php?rest_route=%2Fwp%2Fv2%2Fcategories&post=146880"},{"taxonomy":"post_tag","embeddable":true,"href":"https:\/\/archive.sana.sy\/tr\/index.php?rest_route=%2Fwp%2Fv2%2Ftags&post=146880"}],"curies":[{"name":"wp","href":"https:\/\/api.w.org\/{rel}","templated":true}]}}