{"id":146908,"date":"2018-04-23T15:46:03","date_gmt":"2018-04-23T12:46:03","guid":{"rendered":"https:\/\/www.sana.sy\/tr\/?p=146908"},"modified":"2018-04-24T13:11:39","modified_gmt":"2018-04-24T10:11:39","slug":"dogu-kalemunun-tamami-terorden-arindiriliyor","status":"publish","type":"post","link":"https:\/\/archive.sana.sy\/tr\/?p=146908","title":{"rendered":"Do\u011fu Kalemun\u2019un Tamam\u0131 Ter\u00f6rden Ar\u0131nd\u0131r\u0131l\u0131yor"},"content":{"rendered":"<p>\u015eAM KIRSALI \u2013 \u015eam k\u0131rsal\u0131 Do\u011fu Kalemun B\u00f6lgesi ve ahalisinin tamamen ter\u00f6rden kurtar\u0131lmas\u0131 icraatlar\u0131 bug\u00fcn devam etti.<\/p>\n<p><a href=\"https:\/\/www.sana.sy\/tr\/wp-content\/uploads\/2018\/04\/photo_2018-04-23_15-09-20.jpg\"><img loading=\"lazy\" decoding=\"async\" class=\"alignright wp-image-146914 size-medium\" src=\"https:\/\/www.sana.sy\/tr\/wp-content\/uploads\/2018\/04\/photo_2018-04-23_15-09-20-300x225.jpg\" alt=\"\" width=\"300\" height=\"225\" srcset=\"https:\/\/archive.sana.sy\/tr\/wp-content\/uploads\/2018\/04\/photo_2018-04-23_15-09-20-300x225.jpg 300w, https:\/\/archive.sana.sy\/tr\/wp-content\/uploads\/2018\/04\/photo_2018-04-23_15-09-20-150x113.jpg 150w, https:\/\/archive.sana.sy\/tr\/wp-content\/uploads\/2018\/04\/photo_2018-04-23_15-09-20-768x576.jpg 768w, https:\/\/archive.sana.sy\/tr\/wp-content\/uploads\/2018\/04\/photo_2018-04-23_15-09-20-1024x768.jpg 1024w, https:\/\/archive.sana.sy\/tr\/wp-content\/uploads\/2018\/04\/photo_2018-04-23_15-09-20.jpg 1200w\" sizes=\"auto, (max-width: 300px) 100vw, 300px\" \/><\/a><\/p>\n<p>Sava\u015f muhabiri Do\u011fu Kalemun\u2019da silah b\u0131rakmay\u0131 reddeden ter\u00f6ristlerden arta kalanlar\u0131 aileleriyle birlikte Halep k\u0131rsal\u0131 Cerablus B\u00f6lgesine aktaracak otob\u00fcslerin Rhaybe Beldesinden \u00e7\u0131kmaya ba\u015flad\u0131klar\u0131n\u0131 belirtti.<\/p>\n<p>Muhabir \u00e7\u0131kan otob\u00fcsler ve ta\u015f\u0131d\u0131klar\u0131 ter\u00f6ristlerin dakik bir kimlik tespiti ve aramadan sonra otob\u00fcslerin K\u0131z\u0131lay \u00d6rg\u00fct\u00fcn\u00fcn g\u00f6zetimi alt\u0131nda toplu \u015fekilde Cerablus\u2019a g\u00f6nderileceklerini a\u00e7\u0131klad\u0131.<\/p>\n<p>Do\u011fu Kalemun\u2019da d\u00fcn y\u00fczlerce ter\u00f6rist ve ailesini ta\u015f\u0131yan 35 otob\u00fcs Suriye&#8217;nin kuzeyien g\u00f6nderilmi\u015fti. Sa\u011flanan uzla\u015fmada silah b\u0131rakmay\u0131 reddeden ter\u00f6ristler t\u00fcm orta ve a\u011f\u0131r silahlar\u0131n\u0131 teslim etmeleri ard\u0131ndan ferdi silahlar\u0131yla birlikte Suriye&#8217;nin kuzeyine g\u00f6nderiliyor. Beldelerinde kalmak isteyenler ise t\u00fcm silahlar\u0131n\u0131 teslim etmeleri ard\u0131ndan kanuni durumlar\u0131 yeniden d\u00fczenlenip normal ya\u015famlar\u0131na d\u00f6n\u00fcyor.<\/p>\n<div id='gallery-1' class='gallery galleryid-146908 gallery-columns-3 gallery-size-thumbnail'><figure class='gallery-item'>\n\t\t\t<div class='gallery-icon landscape'>\n\t\t\t\t<a href='https:\/\/archive.sana.sy\/tr\/wp-content\/uploads\/2018\/04\/photo_2018-04-23_17-10-23.jpg'><img loading=\"lazy\" decoding=\"async\" width=\"150\" height=\"98\" src=\"https:\/\/archive.sana.sy\/tr\/wp-content\/uploads\/2018\/04\/photo_2018-04-23_17-10-23-150x98.jpg\" class=\"attachment-thumbnail size-thumbnail\" alt=\"\" srcset=\"https:\/\/archive.sana.sy\/tr\/wp-content\/uploads\/2018\/04\/photo_2018-04-23_17-10-23-150x98.jpg 150w, https:\/\/archive.sana.sy\/tr\/wp-content\/uploads\/2018\/04\/photo_2018-04-23_17-10-23-300x195.jpg 300w, https:\/\/archive.sana.sy\/tr\/wp-content\/uploads\/2018\/04\/photo_2018-04-23_17-10-23-768x500.jpg 768w, https:\/\/archive.sana.sy\/tr\/wp-content\/uploads\/2018\/04\/photo_2018-04-23_17-10-23-1024x666.jpg 1024w, https:\/\/archive.sana.sy\/tr\/wp-content\/uploads\/2018\/04\/photo_2018-04-23_17-10-23-310x205.jpg 310w, https:\/\/archive.sana.sy\/tr\/wp-content\/uploads\/2018\/04\/photo_2018-04-23_17-10-23.jpg 1200w\" sizes=\"auto, (max-width: 150px) 100vw, 150px\" \/><\/a>\n\t\t\t<\/div><\/figure><figure class='gallery-item'>\n\t\t\t<div class='gallery-icon landscape'>\n\t\t\t\t<a href='https:\/\/archive.sana.sy\/tr\/wp-content\/uploads\/2018\/04\/photo_2018-04-23_17-11-02.jpg'><img loading=\"lazy\" decoding=\"async\" width=\"150\" height=\"105\" src=\"https:\/\/archive.sana.sy\/tr\/wp-content\/uploads\/2018\/04\/photo_2018-04-23_17-11-02-150x105.jpg\" class=\"attachment-thumbnail size-thumbnail\" alt=\"\" srcset=\"https:\/\/archive.sana.sy\/tr\/wp-content\/uploads\/2018\/04\/photo_2018-04-23_17-11-02-150x105.jpg 150w, https:\/\/archive.sana.sy\/tr\/wp-content\/uploads\/2018\/04\/photo_2018-04-23_17-11-02-300x210.jpg 300w, https:\/\/archive.sana.sy\/tr\/wp-content\/uploads\/2018\/04\/photo_2018-04-23_17-11-02-768x537.jpg 768w, https:\/\/archive.sana.sy\/tr\/wp-content\/uploads\/2018\/04\/photo_2018-04-23_17-11-02-1024x716.jpg 1024w, https:\/\/archive.sana.sy\/tr\/wp-content\/uploads\/2018\/04\/photo_2018-04-23_17-11-02.jpg 1200w\" sizes=\"auto, (max-width: 150px) 100vw, 150px\" \/><\/a>\n\t\t\t<\/div><\/figure><figure class='gallery-item'>\n\t\t\t<div class='gallery-icon landscape'>\n\t\t\t\t<a href='https:\/\/archive.sana.sy\/tr\/wp-content\/uploads\/2018\/04\/photo_2018-04-23_17-11-04.jpg'><img loading=\"lazy\" decoding=\"async\" width=\"150\" height=\"113\" src=\"https:\/\/archive.sana.sy\/tr\/wp-content\/uploads\/2018\/04\/photo_2018-04-23_17-11-04-150x113.jpg\" class=\"attachment-thumbnail size-thumbnail\" alt=\"\" srcset=\"https:\/\/archive.sana.sy\/tr\/wp-content\/uploads\/2018\/04\/photo_2018-04-23_17-11-04-150x113.jpg 150w, https:\/\/archive.sana.sy\/tr\/wp-content\/uploads\/2018\/04\/photo_2018-04-23_17-11-04-300x225.jpg 300w, https:\/\/archive.sana.sy\/tr\/wp-content\/uploads\/2018\/04\/photo_2018-04-23_17-11-04-768x576.jpg 768w, https:\/\/archive.sana.sy\/tr\/wp-content\/uploads\/2018\/04\/photo_2018-04-23_17-11-04-1024x768.jpg 1024w, https:\/\/archive.sana.sy\/tr\/wp-content\/uploads\/2018\/04\/photo_2018-04-23_17-11-04.jpg 1200w\" sizes=\"auto, (max-width: 150px) 100vw, 150px\" \/><\/a>\n\t\t\t<\/div><\/figure>\n\t\t<\/div>\n\n","protected":false},"excerpt":{"rendered":"<p>\u015eAM KIRSALI \u2013 \u015eam k\u0131rsal\u0131 Do\u011fu Kalemun B\u00f6lgesi ve ahalisinin tamamen ter\u00f6rden kurtar\u0131lmas\u0131 icraatlar\u0131 bug\u00fcn devam etti. Sava\u015f muhabiri Do\u011fu Kalemun\u2019da silah b\u0131rakmay\u0131 reddeden ter\u00f6ristlerden arta kalanlar\u0131 aileleriyle birlikte Halep k\u0131rsal\u0131 Cerablus B\u00f6lgesine aktaracak otob\u00fcslerin Rhaybe Beldesinden \u00e7\u0131kmaya ba\u015flad\u0131klar\u0131n\u0131 belirtti. Muhabir \u00e7\u0131kan otob\u00fcsler ve ta\u015f\u0131d\u0131klar\u0131 ter\u00f6ristlerin dakik bir kimlik tespiti ve aramadan sonra otob\u00fcslerin K\u0131z\u0131lay &hellip;<\/p>\n","protected":false},"author":1,"featured_media":146915,"comment_status":"closed","ping_status":"closed","sticky":false,"template":"","format":"standard","meta":{"footnotes":""},"categories":[596,479,575,17988,478],"tags":[24268,35941,18687,1294,35958,35957,2297,2442],"class_list":["post-146908","post","type-post","status-publish","format-standard","has-post-thumbnail","","category-fotografli-raporlar","category-haberler-yerel","category-olaylar-ve-gercekler","category-son-haberler","category-yerel","tag-cerablus","tag-dogu-kalemun-bolgesi","tag-halep-kirsali","tag-idlib","tag-otobuslerin","tag-rhaybe-beldesi","tag-sam-kirsali","tag-teror"],"_links":{"self":[{"href":"https:\/\/archive.sana.sy\/tr\/index.php?rest_route=\/wp\/v2\/posts\/146908","targetHints":{"allow":["GET"]}}],"collection":[{"href":"https:\/\/archive.sana.sy\/tr\/index.php?rest_route=\/wp\/v2\/posts"}],"about":[{"href":"https:\/\/archive.sana.sy\/tr\/index.php?rest_route=\/wp\/v2\/types\/post"}],"author":[{"embeddable":true,"href":"https:\/\/archive.sana.sy\/tr\/index.php?rest_route=\/wp\/v2\/users\/1"}],"replies":[{"embeddable":true,"href":"https:\/\/archive.sana.sy\/tr\/index.php?rest_route=%2Fwp%2Fv2%2Fcomments&post=146908"}],"version-history":[{"count":0,"href":"https:\/\/archive.sana.sy\/tr\/index.php?rest_route=\/wp\/v2\/posts\/146908\/revisions"}],"wp:featuredmedia":[{"embeddable":true,"href":"https:\/\/archive.sana.sy\/tr\/index.php?rest_route=\/wp\/v2\/media\/146915"}],"wp:attachment":[{"href":"https:\/\/archive.sana.sy\/tr\/index.php?rest_route=%2Fwp%2Fv2%2Fmedia&parent=146908"}],"wp:term":[{"taxonomy":"category","embeddable":true,"href":"https:\/\/archive.sana.sy\/tr\/index.php?rest_route=%2Fwp%2Fv2%2Fcategories&post=146908"},{"taxonomy":"post_tag","embeddable":true,"href":"https:\/\/archive.sana.sy\/tr\/index.php?rest_route=%2Fwp%2Fv2%2Ftags&post=146908"}],"curies":[{"name":"wp","href":"https:\/\/api.w.org\/{rel}","templated":true}]}}