{"id":146928,"date":"2018-04-23T10:29:24","date_gmt":"2018-04-23T07:29:24","guid":{"rendered":"https:\/\/www.sana.sy\/tr\/?p=146928"},"modified":"2018-04-24T13:11:27","modified_gmt":"2018-04-24T10:11:27","slug":"esad-suriye-terore-karsi-savasini-surdurecek","status":"publish","type":"post","link":"https:\/\/archive.sana.sy\/tr\/?p=146928","title":{"rendered":"Esad: Suriye Ter\u00f6re Kar\u015f\u0131 Sava\u015f\u0131n\u0131 S\u00fcrd\u00fcrecek"},"content":{"rendered":"<p>\u015eAM \u2013 Cumhurba\u015fkan\u0131 Be\u015f\u015far el Esad bug\u00fcn \u0130ran D\u0131\u015fi\u015fleri Bakan\u0131 Birinci Yard\u0131mc\u0131s\u0131 H\u00fcseyin Cabiri Ansari ve Suriye&#8217;ye i\u015f ziyaretinde ona e\u015flik eden heyeti kabul etti.<\/p>\n<p><a href=\"https:\/\/www.sana.sy\/tr\/wp-content\/uploads\/2018\/04\/05-12.jpg\"><img loading=\"lazy\" decoding=\"async\" class=\"alignright wp-image-146941 size-medium\" src=\"https:\/\/www.sana.sy\/tr\/wp-content\/uploads\/2018\/04\/05-12-300x161.jpg\" alt=\"\" width=\"300\" height=\"161\" srcset=\"https:\/\/archive.sana.sy\/tr\/wp-content\/uploads\/2018\/04\/05-12-300x161.jpg 300w, https:\/\/archive.sana.sy\/tr\/wp-content\/uploads\/2018\/04\/05-12-150x81.jpg 150w, https:\/\/archive.sana.sy\/tr\/wp-content\/uploads\/2018\/04\/05-12-768x413.jpg 768w, https:\/\/archive.sana.sy\/tr\/wp-content\/uploads\/2018\/04\/05-12-1024x551.jpg 1024w, https:\/\/archive.sana.sy\/tr\/wp-content\/uploads\/2018\/04\/05-12-310x165.jpg 310w\" sizes=\"auto, (max-width: 300px) 100vw, 300px\" \/><\/a>G\u00f6r\u00fc\u015fmenin ba\u015f\u0131nda Cabiri Ansari, Suriye ve halk\u0131n\u0131 hedef alan sava\u015fa son verilmesine yard\u0131m etmede \u0130ran\u2019\u0131n bulundu\u011fu \u00e7abalar ve temaslar hakk\u0131nda el Esad\u2019a ayr\u0131nt\u0131l\u0131 bir sunum takdim etti. Ard\u0131ndan Suriye&#8217;de son sahasal durumlar ele al\u0131nd\u0131.<\/p>\n<p>Cumhurba\u015fkan\u0131 el Esad; Suriye&#8217;ye \u00fc\u00e7l\u00fc sald\u0131r\u0131da bulunan ABD, \u0130ngiltere ve Fransa\u2019n\u0131n yan\u0131 s\u0131ra b\u00f6lgede edatlar\u0131 olan bir k\u0131s\u0131m devletlerle birlikte Suriye ve halk\u0131na kar\u015f\u0131 sava\u015f\u0131n ilk g\u00fcn\u00fcnden beri ter\u00f6r\u00fc desteklediklerini vurgulad\u0131. El Esad bu devletlerin son olarak bulunduklar\u0131 direk sald\u0131r\u0131n\u0131n Suriye&#8217;de ter\u00f6re kar\u015f\u0131 sava\u015f\u0131 durdurmada ba\u015far\u0131l\u0131 olamayaca\u011f\u0131n\u0131 ifade etti. Suriye&#8217;nin ter\u00f6re kar\u015f\u0131 sava\u015f\u0131n\u0131 s\u00fcrd\u00fcrme kararl\u0131l\u0131\u011f\u0131n\u0131n alt\u0131n\u0131 \u00e7izen el Esad, vatan topraklar\u0131n\u0131n istisnas\u0131z her kar\u0131\u015f\u0131n\u0131n ter\u00f6r ve destek\u00e7ilerinden kurtar\u0131laca\u011f\u0131n\u0131 vurgulad\u0131.<\/p>\n<p><a href=\"https:\/\/www.sana.sy\/tr\/wp-content\/uploads\/2018\/04\/03-15.jpg\"><img loading=\"lazy\" decoding=\"async\" class=\"alignright wp-image-146939 size-medium\" src=\"https:\/\/www.sana.sy\/tr\/wp-content\/uploads\/2018\/04\/03-15-300x157.jpg\" alt=\"\" width=\"300\" height=\"157\" srcset=\"https:\/\/archive.sana.sy\/tr\/wp-content\/uploads\/2018\/04\/03-15-300x157.jpg 300w, https:\/\/archive.sana.sy\/tr\/wp-content\/uploads\/2018\/04\/03-15-150x79.jpg 150w, https:\/\/archive.sana.sy\/tr\/wp-content\/uploads\/2018\/04\/03-15-768x403.jpg 768w, https:\/\/archive.sana.sy\/tr\/wp-content\/uploads\/2018\/04\/03-15-1024x537.jpg 1024w\" sizes=\"auto, (max-width: 300px) 100vw, 300px\" \/><\/a>Cabiri Ansari ABD, \u0130ngiltere ve Fransa\u2019n\u0131n 14 Nisan tarihinde Suriye&#8217;ye bulunduklar\u0131 \u00fc\u00e7l\u00fc sald\u0131r\u0131n\u0131n ger\u00e7ek sebebinin Suriye ordusu ve m\u00fcttefiklerinin ter\u00f6re kar\u015f\u0131 kaydettikleri \u015fanl\u0131 zaferler oldu\u011funa dikkat \u00e7ekti. \u0130ranl\u0131 yetkili sald\u0131rgan devletlerin, Suriye ordusunun ter\u00f6re kar\u015f\u0131 zaferlerinin artmas\u0131 ve ba\u015fka b\u00f6lgelere ge\u00e7mesinden endi\u015fe duyduklar\u0131n\u0131 vurgulad\u0131.<\/p>\n<p>G\u00f6r\u00fc\u015fmede ele al\u0131nan konular\u0131n tamam\u0131nda g\u00f6r\u00fc\u015f birli\u011fi kaydedilirken, Suriye ve \u0130ran\u2019\u0131n aralar\u0131ndaki koordinasyon ve i\u015fbirli\u011fini iki \u00fclke ve t\u00fcm b\u00f6lge halklar\u0131n\u0131n \u00e7\u0131karlar\u0131 do\u011frultusunda daha da peki\u015ftirme \u00f6nemi ifade edildi.<\/p>\n<p>&nbsp;<\/p>\n","protected":false},"excerpt":{"rendered":"<p>\u015eAM \u2013 Cumhurba\u015fkan\u0131 Be\u015f\u015far el Esad bug\u00fcn \u0130ran D\u0131\u015fi\u015fleri Bakan\u0131 Birinci Yard\u0131mc\u0131s\u0131 H\u00fcseyin Cabiri Ansari ve Suriye&#8217;ye i\u015f ziyaretinde ona e\u015flik eden heyeti kabul etti. G\u00f6r\u00fc\u015fmenin ba\u015f\u0131nda Cabiri Ansari, Suriye ve halk\u0131n\u0131 hedef alan sava\u015fa son verilmesine yard\u0131m etmede \u0130ran\u2019\u0131n bulundu\u011fu \u00e7abalar ve temaslar hakk\u0131nda el Esad\u2019a ayr\u0131nt\u0131l\u0131 bir sunum takdim etti. Ard\u0131ndan Suriye&#8217;de son &hellip;<\/p>\n","protected":false},"author":1,"featured_media":146940,"comment_status":"closed","ping_status":"closed","sticky":false,"template":"","format":"standard","meta":{"footnotes":""},"categories":[608,479,605,17988,478],"tags":[35961,16402,20113,35960,16591],"class_list":["post-146928","post","type-post","status-publish","format-standard","has-post-thumbnail","","category-etkinlikler","category-haberler-yerel","category-sayin-cumhurbaskani","category-son-haberler","category-yerel","tag-cabiri-ansari","tag-cumhurbaskani-bessar-el-esad","tag-esad","tag-iran-disisleri-bakani-birinci-yardimcisi-huseyin-cabiri-ansari","tag-suriye"],"_links":{"self":[{"href":"https:\/\/archive.sana.sy\/tr\/index.php?rest_route=\/wp\/v2\/posts\/146928","targetHints":{"allow":["GET"]}}],"collection":[{"href":"https:\/\/archive.sana.sy\/tr\/index.php?rest_route=\/wp\/v2\/posts"}],"about":[{"href":"https:\/\/archive.sana.sy\/tr\/index.php?rest_route=\/wp\/v2\/types\/post"}],"author":[{"embeddable":true,"href":"https:\/\/archive.sana.sy\/tr\/index.php?rest_route=\/wp\/v2\/users\/1"}],"replies":[{"embeddable":true,"href":"https:\/\/archive.sana.sy\/tr\/index.php?rest_route=%2Fwp%2Fv2%2Fcomments&post=146928"}],"version-history":[{"count":0,"href":"https:\/\/archive.sana.sy\/tr\/index.php?rest_route=\/wp\/v2\/posts\/146928\/revisions"}],"wp:featuredmedia":[{"embeddable":true,"href":"https:\/\/archive.sana.sy\/tr\/index.php?rest_route=\/wp\/v2\/media\/146940"}],"wp:attachment":[{"href":"https:\/\/archive.sana.sy\/tr\/index.php?rest_route=%2Fwp%2Fv2%2Fmedia&parent=146928"}],"wp:term":[{"taxonomy":"category","embeddable":true,"href":"https:\/\/archive.sana.sy\/tr\/index.php?rest_route=%2Fwp%2Fv2%2Fcategories&post=146928"},{"taxonomy":"post_tag","embeddable":true,"href":"https:\/\/archive.sana.sy\/tr\/index.php?rest_route=%2Fwp%2Fv2%2Ftags&post=146928"}],"curies":[{"name":"wp","href":"https:\/\/api.w.org\/{rel}","templated":true}]}}