{"id":146946,"date":"2018-04-23T19:08:58","date_gmt":"2018-04-23T16:08:58","guid":{"rendered":"https:\/\/www.sana.sy\/tr\/?p=146946"},"modified":"2018-04-23T19:08:58","modified_gmt":"2018-04-23T16:08:58","slug":"yemende-yuksek-siyasi-kurulu-dusman-suudi-savas-ucaklarinin-gecen-persembe-gunu-hadida-iline-bulunduklari-bombardiman-sonucunda-devlet-baskani-salih-sammadin-sehit-dustugunu-belirtt","status":"publish","type":"post","link":"https:\/\/archive.sana.sy\/tr\/?p=146946","title":{"rendered":"Yemen\u2019de Y\u00fcksek Siyasi Kurulu; d\u00fc\u015fman Suudi sava\u015f u\u00e7aklar\u0131n\u0131n ge\u00e7en Per\u015fembe g\u00fcn\u00fc Hadida \u0130line bulunduklar\u0131 bombard\u0131man sonucunda devlet ba\u015fkan\u0131 Salih Sammad\u2019\u0131n \u015fehit d\u00fc\u015ft\u00fc\u011f\u00fcn\u00fc belirtti"},"content":{"rendered":"<p>Yemen\u2019de Y\u00fcksek Siyasi Kurulu; d\u00fc\u015fman Suudi sava\u015f u\u00e7aklar\u0131n\u0131n ge\u00e7en Per\u015fembe g\u00fcn\u00fc Hadida \u0130line bulunduklar\u0131 bombard\u0131man sonucunda devlet ba\u015fkan\u0131 Salih Sammad\u2019\u0131n \u015fehit d\u00fc\u015ft\u00fc\u011f\u00fcn\u00fc belirtti<\/p>\n","protected":false},"excerpt":{"rendered":"<p>Yemen\u2019de Y\u00fcksek Siyasi Kurulu; d\u00fc\u015fman Suudi sava\u015f u\u00e7aklar\u0131n\u0131n ge\u00e7en Per\u015fembe g\u00fcn\u00fc Hadida \u0130line bulunduklar\u0131 bombard\u0131man sonucunda devlet ba\u015fkan\u0131 Salih Sammad\u2019\u0131n \u015fehit d\u00fc\u015ft\u00fc\u011f\u00fcn\u00fc belirtti<\/p>\n","protected":false},"author":1,"featured_media":0,"comment_status":"closed","ping_status":"closed","sticky":false,"template":"","format":"standard","meta":{"footnotes":""},"categories":[17991],"tags":[],"class_list":["post-146946","post","type-post","status-publish","format-standard","","category-son-dakika"],"_links":{"self":[{"href":"https:\/\/archive.sana.sy\/tr\/index.php?rest_route=\/wp\/v2\/posts\/146946","targetHints":{"allow":["GET"]}}],"collection":[{"href":"https:\/\/archive.sana.sy\/tr\/index.php?rest_route=\/wp\/v2\/posts"}],"about":[{"href":"https:\/\/archive.sana.sy\/tr\/index.php?rest_route=\/wp\/v2\/types\/post"}],"author":[{"embeddable":true,"href":"https:\/\/archive.sana.sy\/tr\/index.php?rest_route=\/wp\/v2\/users\/1"}],"replies":[{"embeddable":true,"href":"https:\/\/archive.sana.sy\/tr\/index.php?rest_route=%2Fwp%2Fv2%2Fcomments&post=146946"}],"version-history":[{"count":0,"href":"https:\/\/archive.sana.sy\/tr\/index.php?rest_route=\/wp\/v2\/posts\/146946\/revisions"}],"wp:attachment":[{"href":"https:\/\/archive.sana.sy\/tr\/index.php?rest_route=%2Fwp%2Fv2%2Fmedia&parent=146946"}],"wp:term":[{"taxonomy":"category","embeddable":true,"href":"https:\/\/archive.sana.sy\/tr\/index.php?rest_route=%2Fwp%2Fv2%2Fcategories&post=146946"},{"taxonomy":"post_tag","embeddable":true,"href":"https:\/\/archive.sana.sy\/tr\/index.php?rest_route=%2Fwp%2Fv2%2Ftags&post=146946"}],"curies":[{"name":"wp","href":"https:\/\/api.w.org\/{rel}","templated":true}]}}