{"id":146955,"date":"2018-04-24T14:16:06","date_gmt":"2018-04-24T11:16:06","guid":{"rendered":"https:\/\/www.sana.sy\/tr\/?p=146955"},"modified":"2018-04-25T13:11:53","modified_gmt":"2018-04-25T10:11:53","slug":"kalemundaki-teroristlerin-3-bolumu-tahliye-ediliyor","status":"publish","type":"post","link":"https:\/\/archive.sana.sy\/tr\/?p=146955","title":{"rendered":"Kalemun\u2019daki Ter\u00f6ristlerin 3. B\u00f6l\u00fcm\u00fc Tahliye Ediliyor"},"content":{"rendered":"<p>\u015eAM KIRSALI \u2013 Ba\u015fkent \u015eam k\u0131rsal\u0131 Do\u011fu Kalemun B\u00f6lgesinde silah b\u0131rakmay\u0131 reddeden ter\u00f6ristlerin \u00fc\u00e7\u00fcnc\u00fc b\u00f6l\u00fcm\u00fcn\u00fc aileleriyle birlikte Suriye&#8217;nin kuzeyine aktarma icraatlar\u0131 devam ediyor.<\/p>\n<p><a href=\"https:\/\/www.sana.sy\/tr\/wp-content\/uploads\/2018\/04\/1-258.jpg\"><img loading=\"lazy\" decoding=\"async\" class=\"alignright wp-image-146973 size-medium\" src=\"https:\/\/www.sana.sy\/tr\/wp-content\/uploads\/2018\/04\/1-258-300x188.jpg\" alt=\"\" width=\"300\" height=\"188\" srcset=\"https:\/\/archive.sana.sy\/tr\/wp-content\/uploads\/2018\/04\/1-258-300x188.jpg 300w, https:\/\/archive.sana.sy\/tr\/wp-content\/uploads\/2018\/04\/1-258-150x94.jpg 150w, https:\/\/archive.sana.sy\/tr\/wp-content\/uploads\/2018\/04\/1-258-768x480.jpg 768w, https:\/\/archive.sana.sy\/tr\/wp-content\/uploads\/2018\/04\/1-258-1024x640.jpg 1024w, https:\/\/archive.sana.sy\/tr\/wp-content\/uploads\/2018\/04\/1-258.jpg 1200w\" sizes=\"auto, (max-width: 300px) 100vw, 300px\" \/><\/a>SANA\u2019n\u0131n sava\u015f muhabiri bug\u00fcn Do\u011fu Kalemun B\u00f6lgesinden y\u00fczlerce ter\u00f6rist ve ailelerini ta\u015f\u0131yan 10 otob\u00fcs\u00fcn Rhaybe Beldesi kenarlar\u0131nda otob\u00fcslerin arama ve daha sonra toplu \u015fekilde Suriye&#8217;nin kuzeyine g\u00f6nderilmeleri i\u00e7in topland\u0131klar\u0131 b\u00f6lgeye geldiklerini belirtti.<\/p>\n<p>Ge\u00e7en Cuma g\u00fcn\u00fc ilan edilen uzla\u015fmada Do\u011fu Kalemun\u2019un tamam\u0131nda silah b\u0131rakmay\u0131 kabul edenler kanuni durumlar\u0131 yeniden d\u00fczenlenip normal ya\u015famlar\u0131na d\u00f6nerken, silah b\u0131rakmay\u0131 reddedenler ise t\u00fcm orta ve a\u011f\u0131r silahlar\u0131n\u0131 teslim etmeleri ard\u0131ndan Suriye&#8217;nin kuzeyine aktar\u0131l\u0131yor.<\/p>\n<p>Daha \u00f6nceki g\u00fcnlerde Do\u011fu Kalemun B\u00f6lgesinden binlerce ter\u00f6rist ve ailesini ta\u015f\u0131yan 77 otob\u00fcs Suriye&#8217;nin kuzeyine g\u00f6nderilmi\u015fti.<\/p>\n<p><a href=\"https:\/\/www.sana.sy\/tr\/wp-content\/uploads\/2018\/04\/3-93.jpg\"><img loading=\"lazy\" decoding=\"async\" class=\"aligncenter wp-image-146974 size-large\" src=\"https:\/\/www.sana.sy\/tr\/wp-content\/uploads\/2018\/04\/3-93-1024x672.jpg\" alt=\"\" width=\"618\" height=\"406\" srcset=\"https:\/\/archive.sana.sy\/tr\/wp-content\/uploads\/2018\/04\/3-93-1024x672.jpg 1024w, https:\/\/archive.sana.sy\/tr\/wp-content\/uploads\/2018\/04\/3-93-150x99.jpg 150w, https:\/\/archive.sana.sy\/tr\/wp-content\/uploads\/2018\/04\/3-93-300x197.jpg 300w, https:\/\/archive.sana.sy\/tr\/wp-content\/uploads\/2018\/04\/3-93-768x504.jpg 768w, https:\/\/archive.sana.sy\/tr\/wp-content\/uploads\/2018\/04\/3-93-310x205.jpg 310w, https:\/\/archive.sana.sy\/tr\/wp-content\/uploads\/2018\/04\/3-93.jpg 1200w\" sizes=\"auto, (max-width: 618px) 100vw, 618px\" \/><\/a><\/p>\n","protected":false},"excerpt":{"rendered":"<p>\u015eAM KIRSALI \u2013 Ba\u015fkent \u015eam k\u0131rsal\u0131 Do\u011fu Kalemun B\u00f6lgesinde silah b\u0131rakmay\u0131 reddeden ter\u00f6ristlerin \u00fc\u00e7\u00fcnc\u00fc b\u00f6l\u00fcm\u00fcn\u00fc aileleriyle birlikte Suriye&#8217;nin kuzeyine aktarma icraatlar\u0131 devam ediyor. SANA\u2019n\u0131n sava\u015f muhabiri bug\u00fcn Do\u011fu Kalemun B\u00f6lgesinden y\u00fczlerce ter\u00f6rist ve ailelerini ta\u015f\u0131yan 10 otob\u00fcs\u00fcn Rhaybe Beldesi kenarlar\u0131nda otob\u00fcslerin arama ve daha sonra toplu \u015fekilde Suriye&#8217;nin kuzeyine g\u00f6nderilmeleri i\u00e7in topland\u0131klar\u0131 b\u00f6lgeye geldiklerini belirtti. &hellip;<\/p>\n","protected":false},"author":1,"featured_media":146956,"comment_status":"closed","ping_status":"closed","sticky":false,"template":"","format":"standard","meta":{"footnotes":""},"categories":[479,575,17988,478],"tags":[35924,2755,2297,35790,16591,19034,22181],"class_list":["post-146955","post","type-post","status-publish","format-standard","has-post-thumbnail","","category-haberler-yerel","category-olaylar-ve-gercekler","category-son-haberler","category-yerel","tag-kalemun","tag-sam","tag-sam-kirsali","tag-silah-teslimi","tag-suriye","tag-suriyeli-muhalifler","tag-suriyeliler"],"_links":{"self":[{"href":"https:\/\/archive.sana.sy\/tr\/index.php?rest_route=\/wp\/v2\/posts\/146955","targetHints":{"allow":["GET"]}}],"collection":[{"href":"https:\/\/archive.sana.sy\/tr\/index.php?rest_route=\/wp\/v2\/posts"}],"about":[{"href":"https:\/\/archive.sana.sy\/tr\/index.php?rest_route=\/wp\/v2\/types\/post"}],"author":[{"embeddable":true,"href":"https:\/\/archive.sana.sy\/tr\/index.php?rest_route=\/wp\/v2\/users\/1"}],"replies":[{"embeddable":true,"href":"https:\/\/archive.sana.sy\/tr\/index.php?rest_route=%2Fwp%2Fv2%2Fcomments&post=146955"}],"version-history":[{"count":0,"href":"https:\/\/archive.sana.sy\/tr\/index.php?rest_route=\/wp\/v2\/posts\/146955\/revisions"}],"wp:featuredmedia":[{"embeddable":true,"href":"https:\/\/archive.sana.sy\/tr\/index.php?rest_route=\/wp\/v2\/media\/146956"}],"wp:attachment":[{"href":"https:\/\/archive.sana.sy\/tr\/index.php?rest_route=%2Fwp%2Fv2%2Fmedia&parent=146955"}],"wp:term":[{"taxonomy":"category","embeddable":true,"href":"https:\/\/archive.sana.sy\/tr\/index.php?rest_route=%2Fwp%2Fv2%2Fcategories&post=146955"},{"taxonomy":"post_tag","embeddable":true,"href":"https:\/\/archive.sana.sy\/tr\/index.php?rest_route=%2Fwp%2Fv2%2Ftags&post=146955"}],"curies":[{"name":"wp","href":"https:\/\/api.w.org\/{rel}","templated":true}]}}