{"id":146958,"date":"2018-04-24T13:59:25","date_gmt":"2018-04-24T10:59:25","guid":{"rendered":"https:\/\/www.sana.sy\/tr\/?p=146958"},"modified":"2018-04-25T14:46:10","modified_gmt":"2018-04-25T11:46:10","slug":"yuzlerce-kisi-saldiri-ve-terore-destegi-kinadi","status":"publish","type":"post","link":"https:\/\/archive.sana.sy\/tr\/?p=146958","title":{"rendered":"Y\u00fczlerce Ki\u015fi Sald\u0131r\u0131 ve Ter\u00f6re Deste\u011fi K\u0131nad\u0131"},"content":{"rendered":"<p>SAO PAULO &#8211; Brezilya\u2019n\u0131n Sao Paulo \u015eehrinde ya\u015fayan Suriyeli gurbet\u00e7iler anavatanlar\u0131 Suriye ve ordusuna mutlak desteklerini bir kez daha vurgulad\u0131lar.<a href=\"https:\/\/www.sana.sy\/tr\/wp-content\/uploads\/2018\/04\/5-45.jpg\"><img loading=\"lazy\" decoding=\"async\" class=\"alignright wp-image-146966 size-medium\" src=\"https:\/\/www.sana.sy\/tr\/wp-content\/uploads\/2018\/04\/5-45-300x181.jpg\" alt=\"\" width=\"300\" height=\"181\" srcset=\"https:\/\/archive.sana.sy\/tr\/wp-content\/uploads\/2018\/04\/5-45-300x181.jpg 300w, https:\/\/archive.sana.sy\/tr\/wp-content\/uploads\/2018\/04\/5-45-150x91.jpg 150w, https:\/\/archive.sana.sy\/tr\/wp-content\/uploads\/2018\/04\/5-45-768x464.jpg 768w, https:\/\/archive.sana.sy\/tr\/wp-content\/uploads\/2018\/04\/5-45-1024x619.jpg 1024w, https:\/\/archive.sana.sy\/tr\/wp-content\/uploads\/2018\/04\/5-45.jpg 1217w\" sizes=\"auto, (max-width: 300px) 100vw, 300px\" \/><\/a><\/p>\n<p>Suriye&#8217;nin Sao Paulo Konsoloslu\u011fu \u00f6n\u00fcnde ellerinde Suriye bayraklar\u0131 ile bir araya gelen gurbet\u00e7iler; ABD, \u0130ngiltere ve Fransa\u2019n\u0131n 14 Nisan tarihinde Suriye&#8217;ye bulundu\u011fu \u00fc\u00e7l\u00fc sald\u0131r\u0131y\u0131 k\u0131nad\u0131.<\/p>\n<p>Brezilyal\u0131 siyasi parti yetkilileri ve uluslar aras\u0131 \u00f6rg\u00fct temsilcilerinin kat\u0131ld\u0131klar\u0131 g\u00f6steride Suriye\u2019de radikal ter\u00f6r\u00fcn belli ba\u015fl\u0131 devletler taraf\u0131ndan edat olarak kullan\u0131ld\u0131\u011f\u0131na dikkat \u00e7ekildi. G\u00f6stericiler ter\u00f6re deste\u011fin kesilmesi, destekleyenlerin de cezaland\u0131r\u0131lmas\u0131 \u00e7a\u011fr\u0131s\u0131nda bulundular.<\/p>\n<div id='gallery-1' class='gallery galleryid-146958 gallery-columns-5 gallery-size-thumbnail'><figure class='gallery-item'>\n\t\t\t<div class='gallery-icon landscape'>\n\t\t\t\t<a href='https:\/\/archive.sana.sy\/tr\/wp-content\/uploads\/2018\/04\/1-257.jpg'><img loading=\"lazy\" decoding=\"async\" width=\"150\" height=\"81\" src=\"https:\/\/archive.sana.sy\/tr\/wp-content\/uploads\/2018\/04\/1-257-150x81.jpg\" class=\"attachment-thumbnail size-thumbnail\" alt=\"\" srcset=\"https:\/\/archive.sana.sy\/tr\/wp-content\/uploads\/2018\/04\/1-257-150x81.jpg 150w, https:\/\/archive.sana.sy\/tr\/wp-content\/uploads\/2018\/04\/1-257-300x161.jpg 300w, https:\/\/archive.sana.sy\/tr\/wp-content\/uploads\/2018\/04\/1-257-768x413.jpg 768w, https:\/\/archive.sana.sy\/tr\/wp-content\/uploads\/2018\/04\/1-257-310x165.jpg 310w, https:\/\/archive.sana.sy\/tr\/wp-content\/uploads\/2018\/04\/1-257.jpg 947w\" sizes=\"auto, (max-width: 150px) 100vw, 150px\" \/><\/a>\n\t\t\t<\/div><\/figure><figure class='gallery-item'>\n\t\t\t<div class='gallery-icon landscape'>\n\t\t\t\t<a href='https:\/\/archive.sana.sy\/tr\/wp-content\/uploads\/2018\/04\/2-113.jpg'><img loading=\"lazy\" decoding=\"async\" width=\"150\" height=\"93\" src=\"https:\/\/archive.sana.sy\/tr\/wp-content\/uploads\/2018\/04\/2-113-150x93.jpg\" class=\"attachment-thumbnail size-thumbnail\" alt=\"\" srcset=\"https:\/\/archive.sana.sy\/tr\/wp-content\/uploads\/2018\/04\/2-113-150x93.jpg 150w, https:\/\/archive.sana.sy\/tr\/wp-content\/uploads\/2018\/04\/2-113-300x187.jpg 300w, https:\/\/archive.sana.sy\/tr\/wp-content\/uploads\/2018\/04\/2-113-768x478.jpg 768w, https:\/\/archive.sana.sy\/tr\/wp-content\/uploads\/2018\/04\/2-113-1024x638.jpg 1024w, https:\/\/archive.sana.sy\/tr\/wp-content\/uploads\/2018\/04\/2-113.jpg 1227w\" sizes=\"auto, (max-width: 150px) 100vw, 150px\" \/><\/a>\n\t\t\t<\/div><\/figure><figure class='gallery-item'>\n\t\t\t<div class='gallery-icon landscape'>\n\t\t\t\t<a href='https:\/\/archive.sana.sy\/tr\/wp-content\/uploads\/2018\/04\/3-92.jpg'><img loading=\"lazy\" decoding=\"async\" width=\"150\" height=\"94\" src=\"https:\/\/archive.sana.sy\/tr\/wp-content\/uploads\/2018\/04\/3-92-150x94.jpg\" class=\"attachment-thumbnail size-thumbnail\" alt=\"\" srcset=\"https:\/\/archive.sana.sy\/tr\/wp-content\/uploads\/2018\/04\/3-92-150x94.jpg 150w, https:\/\/archive.sana.sy\/tr\/wp-content\/uploads\/2018\/04\/3-92-300x188.jpg 300w, https:\/\/archive.sana.sy\/tr\/wp-content\/uploads\/2018\/04\/3-92-768x481.jpg 768w, https:\/\/archive.sana.sy\/tr\/wp-content\/uploads\/2018\/04\/3-92-1024x642.jpg 1024w, https:\/\/archive.sana.sy\/tr\/wp-content\/uploads\/2018\/04\/3-92.jpg 1280w\" sizes=\"auto, (max-width: 150px) 100vw, 150px\" \/><\/a>\n\t\t\t<\/div><\/figure><figure class='gallery-item'>\n\t\t\t<div class='gallery-icon landscape'>\n\t\t\t\t<a href='https:\/\/archive.sana.sy\/tr\/wp-content\/uploads\/2018\/04\/4-56.jpg'><img loading=\"lazy\" decoding=\"async\" width=\"150\" height=\"100\" src=\"https:\/\/archive.sana.sy\/tr\/wp-content\/uploads\/2018\/04\/4-56-150x100.jpg\" class=\"attachment-thumbnail size-thumbnail\" alt=\"\" srcset=\"https:\/\/archive.sana.sy\/tr\/wp-content\/uploads\/2018\/04\/4-56-150x100.jpg 150w, https:\/\/archive.sana.sy\/tr\/wp-content\/uploads\/2018\/04\/4-56-300x200.jpg 300w, https:\/\/archive.sana.sy\/tr\/wp-content\/uploads\/2018\/04\/4-56-768x512.jpg 768w, https:\/\/archive.sana.sy\/tr\/wp-content\/uploads\/2018\/04\/4-56-1024x682.jpg 1024w, https:\/\/archive.sana.sy\/tr\/wp-content\/uploads\/2018\/04\/4-56-310x205.jpg 310w, https:\/\/archive.sana.sy\/tr\/wp-content\/uploads\/2018\/04\/4-56.jpg 1280w\" sizes=\"auto, (max-width: 150px) 100vw, 150px\" \/><\/a>\n\t\t\t<\/div><\/figure><figure class='gallery-item'>\n\t\t\t<div class='gallery-icon landscape'>\n\t\t\t\t<a href='https:\/\/archive.sana.sy\/tr\/wp-content\/uploads\/2018\/04\/6-38.jpg'><img loading=\"lazy\" decoding=\"async\" width=\"150\" height=\"89\" src=\"https:\/\/archive.sana.sy\/tr\/wp-content\/uploads\/2018\/04\/6-38-150x89.jpg\" class=\"attachment-thumbnail size-thumbnail\" alt=\"\" srcset=\"https:\/\/archive.sana.sy\/tr\/wp-content\/uploads\/2018\/04\/6-38-150x89.jpg 150w, https:\/\/archive.sana.sy\/tr\/wp-content\/uploads\/2018\/04\/6-38-300x177.jpg 300w, https:\/\/archive.sana.sy\/tr\/wp-content\/uploads\/2018\/04\/6-38-768x454.jpg 768w, https:\/\/archive.sana.sy\/tr\/wp-content\/uploads\/2018\/04\/6-38-1024x606.jpg 1024w, https:\/\/archive.sana.sy\/tr\/wp-content\/uploads\/2018\/04\/6-38.jpg 1251w\" sizes=\"auto, (max-width: 150px) 100vw, 150px\" \/><\/a>\n\t\t\t<\/div><\/figure>\n\t\t<\/div>\n\n","protected":false},"excerpt":{"rendered":"<p>SAO PAULO &#8211; Brezilya\u2019n\u0131n Sao Paulo \u015eehrinde ya\u015fayan Suriyeli gurbet\u00e7iler anavatanlar\u0131 Suriye ve ordusuna mutlak desteklerini bir kez daha vurgulad\u0131lar. Suriye&#8217;nin Sao Paulo Konsoloslu\u011fu \u00f6n\u00fcnde ellerinde Suriye bayraklar\u0131 ile bir araya gelen gurbet\u00e7iler; ABD, \u0130ngiltere ve Fransa\u2019n\u0131n 14 Nisan tarihinde Suriye&#8217;ye bulundu\u011fu \u00fc\u00e7l\u00fc sald\u0131r\u0131y\u0131 k\u0131nad\u0131. Brezilyal\u0131 siyasi parti yetkilileri ve uluslar aras\u0131 \u00f6rg\u00fct temsilcilerinin kat\u0131ld\u0131klar\u0131 &hellip;<\/p>\n","protected":false},"author":1,"featured_media":146961,"comment_status":"closed","ping_status":"closed","sticky":false,"template":"","format":"standard","meta":{"footnotes":""},"categories":[458,596,459,17988],"tags":[24114,35963,16591,11549,19822,19034,22181],"class_list":["post-146958","post","type-post","status-publish","format-standard","has-post-thumbnail","","category-dunya1","category-fotografli-raporlar","category-haberler-arap-uluslararasi-politika","category-son-haberler","tag-dayanisma-eylemi","tag-destek-eylemi","tag-suriye","tag-suriye-ordusu","tag-suriyeli-gurbetciler","tag-suriyeli-muhalifler","tag-suriyeliler"],"_links":{"self":[{"href":"https:\/\/archive.sana.sy\/tr\/index.php?rest_route=\/wp\/v2\/posts\/146958","targetHints":{"allow":["GET"]}}],"collection":[{"href":"https:\/\/archive.sana.sy\/tr\/index.php?rest_route=\/wp\/v2\/posts"}],"about":[{"href":"https:\/\/archive.sana.sy\/tr\/index.php?rest_route=\/wp\/v2\/types\/post"}],"author":[{"embeddable":true,"href":"https:\/\/archive.sana.sy\/tr\/index.php?rest_route=\/wp\/v2\/users\/1"}],"replies":[{"embeddable":true,"href":"https:\/\/archive.sana.sy\/tr\/index.php?rest_route=%2Fwp%2Fv2%2Fcomments&post=146958"}],"version-history":[{"count":0,"href":"https:\/\/archive.sana.sy\/tr\/index.php?rest_route=\/wp\/v2\/posts\/146958\/revisions"}],"wp:featuredmedia":[{"embeddable":true,"href":"https:\/\/archive.sana.sy\/tr\/index.php?rest_route=\/wp\/v2\/media\/146961"}],"wp:attachment":[{"href":"https:\/\/archive.sana.sy\/tr\/index.php?rest_route=%2Fwp%2Fv2%2Fmedia&parent=146958"}],"wp:term":[{"taxonomy":"category","embeddable":true,"href":"https:\/\/archive.sana.sy\/tr\/index.php?rest_route=%2Fwp%2Fv2%2Fcategories&post=146958"},{"taxonomy":"post_tag","embeddable":true,"href":"https:\/\/archive.sana.sy\/tr\/index.php?rest_route=%2Fwp%2Fv2%2Ftags&post=146958"}],"curies":[{"name":"wp","href":"https:\/\/api.w.org\/{rel}","templated":true}]}}