{"id":146969,"date":"2018-04-24T14:26:36","date_gmt":"2018-04-24T11:26:36","guid":{"rendered":"https:\/\/www.sana.sy\/tr\/?p=146969"},"modified":"2018-04-24T14:26:36","modified_gmt":"2018-04-24T11:26:36","slug":"sana-muhabiri-kunaytra-kirsalinda-israilin-destek-ve-komutasiyla-faaliyet-gosteren-teroristlerin-baas-kenti-kenarlarinda-hizmet-semtine-fuzelerle-saldirmalari-sonucunda-bir-sivil-vatandasin-y","status":"publish","type":"post","link":"https:\/\/archive.sana.sy\/tr\/?p=146969","title":{"rendered":"SANA muhabiri Kunaytra k\u0131rsal\u0131nda \u0130srail\u2019in destek ve komutas\u0131yla faaliyet g\u00f6steren ter\u00f6ristlerin Baas Kenti kenarlar\u0131nda Hizmet Semtine f\u00fczelerle sald\u0131rmalar\u0131 sonucunda bir sivil vatanda\u015f\u0131n yaraland\u0131\u011f\u0131n\u0131 belirtti"},"content":{"rendered":"<p>SANA muhabiri Kunaytra k\u0131rsal\u0131nda \u0130srail\u2019in destek ve komutas\u0131yla faaliyet g\u00f6steren ter\u00f6ristlerin Baas Kenti kenarlar\u0131nda Hizmet Semtine f\u00fczelerle sald\u0131rmalar\u0131 sonucunda bir sivil vatanda\u015f\u0131n yaraland\u0131\u011f\u0131n\u0131 belirtti<\/p>\n","protected":false},"excerpt":{"rendered":"<p>SANA muhabiri Kunaytra k\u0131rsal\u0131nda \u0130srail\u2019in destek ve komutas\u0131yla faaliyet g\u00f6steren ter\u00f6ristlerin Baas Kenti kenarlar\u0131nda Hizmet Semtine f\u00fczelerle sald\u0131rmalar\u0131 sonucunda bir sivil vatanda\u015f\u0131n yaraland\u0131\u011f\u0131n\u0131 belirtti<\/p>\n","protected":false},"author":1,"featured_media":0,"comment_status":"closed","ping_status":"closed","sticky":false,"template":"","format":"standard","meta":{"footnotes":""},"categories":[17991],"tags":[],"class_list":["post-146969","post","type-post","status-publish","format-standard","","category-son-dakika"],"_links":{"self":[{"href":"https:\/\/archive.sana.sy\/tr\/index.php?rest_route=\/wp\/v2\/posts\/146969","targetHints":{"allow":["GET"]}}],"collection":[{"href":"https:\/\/archive.sana.sy\/tr\/index.php?rest_route=\/wp\/v2\/posts"}],"about":[{"href":"https:\/\/archive.sana.sy\/tr\/index.php?rest_route=\/wp\/v2\/types\/post"}],"author":[{"embeddable":true,"href":"https:\/\/archive.sana.sy\/tr\/index.php?rest_route=\/wp\/v2\/users\/1"}],"replies":[{"embeddable":true,"href":"https:\/\/archive.sana.sy\/tr\/index.php?rest_route=%2Fwp%2Fv2%2Fcomments&post=146969"}],"version-history":[{"count":0,"href":"https:\/\/archive.sana.sy\/tr\/index.php?rest_route=\/wp\/v2\/posts\/146969\/revisions"}],"wp:attachment":[{"href":"https:\/\/archive.sana.sy\/tr\/index.php?rest_route=%2Fwp%2Fv2%2Fmedia&parent=146969"}],"wp:term":[{"taxonomy":"category","embeddable":true,"href":"https:\/\/archive.sana.sy\/tr\/index.php?rest_route=%2Fwp%2Fv2%2Fcategories&post=146969"},{"taxonomy":"post_tag","embeddable":true,"href":"https:\/\/archive.sana.sy\/tr\/index.php?rest_route=%2Fwp%2Fv2%2Ftags&post=146969"}],"curies":[{"name":"wp","href":"https:\/\/api.w.org\/{rel}","templated":true}]}}