{"id":146986,"date":"2018-04-24T15:05:50","date_gmt":"2018-04-24T12:05:50","guid":{"rendered":"https:\/\/www.sana.sy\/tr\/?p=146986"},"modified":"2018-04-24T15:05:52","modified_gmt":"2018-04-24T12:05:52","slug":"sam-il-emniyet-mudurlugunde-bir-yetkili-teroristlerin-samin-yerlesim-alanlarindan-nahr-ayse-semtinde-bir-halk-pazarini-hedef-alan-fuze-saldirilarinda-4-vatandasin-sehit-15-vatandasin-yarali","status":"publish","type":"post","link":"https:\/\/archive.sana.sy\/tr\/?p=146986","title":{"rendered":"\u015eam \u0130l Emniyet M\u00fcd\u00fcrl\u00fc\u011f\u00fcnde bir yetkili ter\u00f6ristlerin \u015eam\u2019\u0131n yerle\u015fim alanlar\u0131ndan Nahr Ay\u015fe Semtinde bir halk pazar\u0131n\u0131 hedef alan f\u00fcze sald\u0131r\u0131lar\u0131nda 4 vatanda\u015f\u0131n \u015fehit, 15 vatanda\u015f\u0131n yaral\u0131 d\u00fc\u015ft\u00fcklerini kaydetti"},"content":{"rendered":"<p>\u015eam \u0130l Emniyet M\u00fcd\u00fcrl\u00fc\u011f\u00fcnde bir yetkili ter\u00f6ristlerin \u015eam\u2019\u0131n yerle\u015fim alanlar\u0131ndan Nahr Ay\u015fe Semtinde bir halk pazar\u0131n\u0131 hedef alan f\u00fcze sald\u0131r\u0131lar\u0131nda 4 vatanda\u015f\u0131n \u015fehit, 15 vatanda\u015f\u0131n yaral\u0131 d\u00fc\u015ft\u00fcklerini kaydetti<\/p>\n","protected":false},"excerpt":{"rendered":"<p>\u015eam \u0130l Emniyet M\u00fcd\u00fcrl\u00fc\u011f\u00fcnde bir yetkili ter\u00f6ristlerin \u015eam\u2019\u0131n yerle\u015fim alanlar\u0131ndan Nahr Ay\u015fe Semtinde bir halk pazar\u0131n\u0131 hedef alan f\u00fcze sald\u0131r\u0131lar\u0131nda 4 vatanda\u015f\u0131n \u015fehit, 15 vatanda\u015f\u0131n yaral\u0131 d\u00fc\u015ft\u00fcklerini kaydetti<\/p>\n","protected":false},"author":1,"featured_media":0,"comment_status":"closed","ping_status":"closed","sticky":false,"template":"","format":"standard","meta":{"footnotes":""},"categories":[17991],"tags":[],"class_list":["post-146986","post","type-post","status-publish","format-standard","","category-son-dakika"],"_links":{"self":[{"href":"https:\/\/archive.sana.sy\/tr\/index.php?rest_route=\/wp\/v2\/posts\/146986","targetHints":{"allow":["GET"]}}],"collection":[{"href":"https:\/\/archive.sana.sy\/tr\/index.php?rest_route=\/wp\/v2\/posts"}],"about":[{"href":"https:\/\/archive.sana.sy\/tr\/index.php?rest_route=\/wp\/v2\/types\/post"}],"author":[{"embeddable":true,"href":"https:\/\/archive.sana.sy\/tr\/index.php?rest_route=\/wp\/v2\/users\/1"}],"replies":[{"embeddable":true,"href":"https:\/\/archive.sana.sy\/tr\/index.php?rest_route=%2Fwp%2Fv2%2Fcomments&post=146986"}],"version-history":[{"count":0,"href":"https:\/\/archive.sana.sy\/tr\/index.php?rest_route=\/wp\/v2\/posts\/146986\/revisions"}],"wp:attachment":[{"href":"https:\/\/archive.sana.sy\/tr\/index.php?rest_route=%2Fwp%2Fv2%2Fmedia&parent=146986"}],"wp:term":[{"taxonomy":"category","embeddable":true,"href":"https:\/\/archive.sana.sy\/tr\/index.php?rest_route=%2Fwp%2Fv2%2Fcategories&post=146986"},{"taxonomy":"post_tag","embeddable":true,"href":"https:\/\/archive.sana.sy\/tr\/index.php?rest_route=%2Fwp%2Fv2%2Ftags&post=146986"}],"curies":[{"name":"wp","href":"https:\/\/api.w.org\/{rel}","templated":true}]}}