{"id":147349,"date":"2018-04-28T22:32:10","date_gmt":"2018-04-28T19:32:10","guid":{"rendered":"https:\/\/www.sana.sy\/tr\/?p=147349"},"modified":"2018-04-29T13:11:29","modified_gmt":"2018-04-29T10:11:29","slug":"teroristler-agir-kayiplar-ardindan-kacismaya-basladi","status":"publish","type":"post","link":"https:\/\/archive.sana.sy\/tr\/?p=147349","title":{"rendered":"Kadem, Assali, Maziniye ve Cura Ordunun Kontrol\u00fcnde (video)"},"content":{"rendered":"<p>&nbsp;<\/p>\n<p>\u015eAM \u2013 Askeri bir kaynak bug\u00fcn ak\u015fam saatlerinde ba\u015fkent \u015eam\u2019\u0131n g\u00fcney kenarlar\u0131n\u0131 radikal ter\u00f6rden kurtarma operasyonlar\u0131n\u0131 ba\u015far\u0131yla s\u00fcrd\u00fcren ordu birliklerimizin Hacer el Esved civarlar\u0131nda yer alan Kadem, Assali, Maziniye ve Cura semtlerini ter\u00f6rden kurtar\u0131p kontrollerine ge\u00e7irdiklerini belirtti.<\/p>\n<p>Askeri kaynak ordu birliklerimizin radikal ter\u00f6ristleri be\u015feri ve cephane a\u00e7\u0131s\u0131ndan b\u00fcy\u00fck kay\u0131plara u\u011frat\u0131p siper ve savunma hatlar\u0131n\u0131 darmada\u011f\u0131n etmeleri ard\u0131ndan bir\u00e7ok eksenden ba\u015far\u0131l\u0131 ilerlemeler kaydettiklerini vurgulad\u0131.<\/p>\n<p><a href=\"https:\/\/www.sana.sy\/tr\/wp-content\/uploads\/2018\/04\/1-300.jpg\"><img loading=\"lazy\" decoding=\"async\" class=\"alignright wp-image-147477 size-medium\" src=\"https:\/\/www.sana.sy\/tr\/wp-content\/uploads\/2018\/04\/1-300-300x150.jpg\" alt=\"\" width=\"300\" height=\"150\" srcset=\"https:\/\/archive.sana.sy\/tr\/wp-content\/uploads\/2018\/04\/1-300-300x150.jpg 300w, https:\/\/archive.sana.sy\/tr\/wp-content\/uploads\/2018\/04\/1-300-150x75.jpg 150w, https:\/\/archive.sana.sy\/tr\/wp-content\/uploads\/2018\/04\/1-300.jpg 660w\" sizes=\"auto, (max-width: 300px) 100vw, 300px\" \/><\/a>Askeri kaynak g\u00fcn\u00fcn erken saatlerinde ordu birliklerimizin \u015eam\u2019\u0131n g\u00fcney kenarlar\u0131 Hacer el Esved\u2019te radikal ter\u00f6ristleri a\u011f\u0131r kay\u0131plara u\u011fratmalar\u0131 ard\u0131ndan bir\u00e7ok eksenden stratejik ilerlemeler kaydettiklerini belirtmi\u015fti. Kaynak ter\u00f6ristlerin a\u011f\u0131r kay\u0131plara u\u011frat\u0131lmalar\u0131 ve \u00f6n savunma hatlar\u0131yla birlikte destek hatlar\u0131n\u0131n darmada\u011f\u0131n edilmeleri ard\u0131ndan ordu birliklerimiz kar\u015f\u0131s\u0131ndan ka\u00e7\u0131\u015ft\u0131klar\u0131n\u0131 ifade etmi\u015fti.<\/p>\n<p>Ordu birliklerimizin dakik ve nitelikli operasyonlarla bir\u00e7ok stratejik binay\u0131 kontrollerine ge\u00e7irdiklerini ifade eden kaynak; operasyonlarda b\u00f6lgenin yap\u0131s\u0131na g\u00f6re uygun silahlar kullan\u0131ld\u0131\u011f\u0131na dikkat \u00e7ekmi\u015fti. Ordu birliklerimizin stratejik ilerlemeleri neticesinde ter\u00f6ristlerin kolay hedef haline geldiklerini ifade eden kaynak; bunun sonucunda aralar\u0131nda tehlikeli isimlerin bulundu\u011fu y\u00fcksek say\u0131da ter\u00f6ristin ekipmanlar\u0131yla birlikte etkisiz hale getirildi\u011fini belirtti.<\/p>\n<p>Askeri kaynak ordu birliklerimizin \u015eam\u2019\u0131n g\u00fcney semtlerini ter\u00f6rden kurtarma ve b\u00f6lge ahalisinin g\u00fcvenli\u011fini temin etme kararl\u0131l\u0131\u011f\u0131n\u0131 bir kez daha vurgularken, civar b\u00f6lgelere sivilleri gaddar f\u00fcze ve roketlerle hedef alan radikal ter\u00f6ristleri yok azminin alt\u0131n\u0131 \u00e7izdi.<\/p>\n<p>Maziniye B\u00f6lgesinde askeri bir komutan ise a\u00e7\u0131klamalar\u0131nda; ordu birliklerimizin ge\u00e7en saatler i\u00e7inde I\u015e\u0130D\u2019li radikal ter\u00f6ristlerle y\u00fcz y\u00fcze yak\u0131ndan mesafe ile \u015fiddetli \u00e7at\u0131\u015fmalara girdiklerini belirtti. Komutan vatan koruyucular\u0131m\u0131z\u0131n b\u00f6lgede bulunan keskin ni\u015fanc\u0131 ter\u00f6ristlere kar\u015f\u0131 uygun silahlarla sava\u015ft\u0131klar\u0131n\u0131 s\u00f6yledi.<\/p>\n<p>Maziniye B\u00f6lgesinin kontrole al\u0131nmas\u0131 ard\u0131ndan yap\u0131lan arama tarama operasyonunda ter\u00f6ristlerin yer de\u011fi\u015ftirme ve ikmal sa\u011flamada kulland\u0131klar\u0131 b\u00fcy\u00fck ve karma\u015f\u0131k bir t\u00fcnel \u015febekesinin ele ge\u00e7irildi\u011fini belirten komutan, ayn\u0131 zamanda ter\u00f6ristlerin \u00f6zel ve kamu m\u00fclklere yerle\u015ftirdikleri \u00e7ok say\u0131da bomba d\u00fczene\u011finin de etkisizle\u015ftirildi\u011fini kaydetti.<br \/>\nKomutan ter\u00f6ristlerin yok edilmeden \u00f6nce vatanda\u015flar\u0131n evleri, fabrikalar ve her yere \u00e7ok say\u0131da may\u0131n ve bomba d\u00fczene\u011fi yerle\u015ftirdiklerine dikkat \u00e7ekti.<\/p>\n<p>Ordu birliklerimiz ge\u00e7en g\u00fcnler i\u00e7inde \u015fiddetli \u00e7at\u0131\u015fmalar neticesinde ter\u00f6ristlerin destek hatlar\u0131 ve birbirleriyle ba\u011flant\u0131 yollar\u0131n\u0131 keserek, \u00f6n savunma hatlar\u0131n\u0131 da darmada\u011f\u0131n etmi\u015flerdi.<\/p>\n<p>https:\/\/www.youtube.com\/watch?v=OKPIU1opi_A<\/p>\n<div id='gallery-1' class='gallery galleryid-147349 gallery-columns-1 gallery-size-large'><figure class='gallery-item'>\n\t\t\t<div class='gallery-icon landscape'>\n\t\t\t\t<a href='https:\/\/archive.sana.sy\/tr\/wp-content\/uploads\/2018\/04\/1-294.jpg'><img loading=\"lazy\" decoding=\"async\" width=\"618\" height=\"464\" src=\"https:\/\/archive.sana.sy\/tr\/wp-content\/uploads\/2018\/04\/1-294-1024x768.jpg\" class=\"attachment-large size-large\" alt=\"\" srcset=\"https:\/\/archive.sana.sy\/tr\/wp-content\/uploads\/2018\/04\/1-294-1024x768.jpg 1024w, https:\/\/archive.sana.sy\/tr\/wp-content\/uploads\/2018\/04\/1-294-150x113.jpg 150w, https:\/\/archive.sana.sy\/tr\/wp-content\/uploads\/2018\/04\/1-294-300x225.jpg 300w, https:\/\/archive.sana.sy\/tr\/wp-content\/uploads\/2018\/04\/1-294-768x576.jpg 768w, https:\/\/archive.sana.sy\/tr\/wp-content\/uploads\/2018\/04\/1-294.jpg 1200w\" sizes=\"auto, (max-width: 618px) 100vw, 618px\" \/><\/a>\n\t\t\t<\/div><\/figure><figure class='gallery-item'>\n\t\t\t<div class='gallery-icon landscape'>\n\t\t\t\t<a href='https:\/\/archive.sana.sy\/tr\/wp-content\/uploads\/2018\/04\/2-130.jpg'><img loading=\"lazy\" decoding=\"async\" width=\"618\" height=\"464\" src=\"https:\/\/archive.sana.sy\/tr\/wp-content\/uploads\/2018\/04\/2-130-1024x768.jpg\" class=\"attachment-large size-large\" alt=\"\" srcset=\"https:\/\/archive.sana.sy\/tr\/wp-content\/uploads\/2018\/04\/2-130-1024x768.jpg 1024w, https:\/\/archive.sana.sy\/tr\/wp-content\/uploads\/2018\/04\/2-130-150x113.jpg 150w, https:\/\/archive.sana.sy\/tr\/wp-content\/uploads\/2018\/04\/2-130-300x225.jpg 300w, https:\/\/archive.sana.sy\/tr\/wp-content\/uploads\/2018\/04\/2-130-768x576.jpg 768w, https:\/\/archive.sana.sy\/tr\/wp-content\/uploads\/2018\/04\/2-130.jpg 1200w\" sizes=\"auto, (max-width: 618px) 100vw, 618px\" \/><\/a>\n\t\t\t<\/div><\/figure><figure class='gallery-item'>\n\t\t\t<div class='gallery-icon landscape'>\n\t\t\t\t<a href='https:\/\/archive.sana.sy\/tr\/wp-content\/uploads\/2018\/04\/3-105.jpg'><img loading=\"lazy\" decoding=\"async\" width=\"618\" height=\"464\" src=\"https:\/\/archive.sana.sy\/tr\/wp-content\/uploads\/2018\/04\/3-105-1024x768.jpg\" class=\"attachment-large size-large\" alt=\"\" srcset=\"https:\/\/archive.sana.sy\/tr\/wp-content\/uploads\/2018\/04\/3-105-1024x768.jpg 1024w, https:\/\/archive.sana.sy\/tr\/wp-content\/uploads\/2018\/04\/3-105-150x113.jpg 150w, https:\/\/archive.sana.sy\/tr\/wp-content\/uploads\/2018\/04\/3-105-300x225.jpg 300w, https:\/\/archive.sana.sy\/tr\/wp-content\/uploads\/2018\/04\/3-105-768x576.jpg 768w, https:\/\/archive.sana.sy\/tr\/wp-content\/uploads\/2018\/04\/3-105.jpg 1200w\" sizes=\"auto, (max-width: 618px) 100vw, 618px\" \/><\/a>\n\t\t\t<\/div><\/figure><figure class='gallery-item'>\n\t\t\t<div class='gallery-icon landscape'>\n\t\t\t\t<a href='https:\/\/archive.sana.sy\/tr\/wp-content\/uploads\/2018\/04\/4-63.jpg'><img loading=\"lazy\" decoding=\"async\" width=\"618\" height=\"464\" src=\"https:\/\/archive.sana.sy\/tr\/wp-content\/uploads\/2018\/04\/4-63-1024x768.jpg\" class=\"attachment-large size-large\" alt=\"\" srcset=\"https:\/\/archive.sana.sy\/tr\/wp-content\/uploads\/2018\/04\/4-63-1024x768.jpg 1024w, https:\/\/archive.sana.sy\/tr\/wp-content\/uploads\/2018\/04\/4-63-150x113.jpg 150w, https:\/\/archive.sana.sy\/tr\/wp-content\/uploads\/2018\/04\/4-63-300x225.jpg 300w, https:\/\/archive.sana.sy\/tr\/wp-content\/uploads\/2018\/04\/4-63-768x576.jpg 768w, https:\/\/archive.sana.sy\/tr\/wp-content\/uploads\/2018\/04\/4-63.jpg 1200w\" sizes=\"auto, (max-width: 618px) 100vw, 618px\" \/><\/a>\n\t\t\t<\/div><\/figure>\n\t\t<\/div>\n\n","protected":false},"excerpt":{"rendered":"<p>&nbsp; \u015eAM \u2013 Askeri bir kaynak bug\u00fcn ak\u015fam saatlerinde ba\u015fkent \u015eam\u2019\u0131n g\u00fcney kenarlar\u0131n\u0131 radikal ter\u00f6rden kurtarma operasyonlar\u0131n\u0131 ba\u015far\u0131yla s\u00fcrd\u00fcren ordu birliklerimizin Hacer el Esved civarlar\u0131nda yer alan Kadem, Assali, Maziniye ve Cura semtlerini ter\u00f6rden kurtar\u0131p kontrollerine ge\u00e7irdiklerini belirtti. Askeri kaynak ordu birliklerimizin radikal ter\u00f6ristleri be\u015feri ve cephane a\u00e7\u0131s\u0131ndan b\u00fcy\u00fck kay\u0131plara u\u011frat\u0131p siper ve savunma hatlar\u0131n\u0131 &hellip;<\/p>\n","protected":false},"author":1,"featured_media":147350,"comment_status":"closed","ping_status":"closed","sticky":false,"template":"","format":"standard","meta":{"footnotes":""},"categories":[596,479,17988,478],"tags":[2755,2297,11549,19034,36013],"class_list":["post-147349","post","type-post","status-publish","format-standard","has-post-thumbnail","","category-fotografli-raporlar","category-haberler-yerel","category-son-haberler","category-yerel","tag-sam","tag-sam-kirsali","tag-suriye-ordusu","tag-suriyeli-muhalifler","tag-terrole-mucadele"],"_links":{"self":[{"href":"https:\/\/archive.sana.sy\/tr\/index.php?rest_route=\/wp\/v2\/posts\/147349","targetHints":{"allow":["GET"]}}],"collection":[{"href":"https:\/\/archive.sana.sy\/tr\/index.php?rest_route=\/wp\/v2\/posts"}],"about":[{"href":"https:\/\/archive.sana.sy\/tr\/index.php?rest_route=\/wp\/v2\/types\/post"}],"author":[{"embeddable":true,"href":"https:\/\/archive.sana.sy\/tr\/index.php?rest_route=\/wp\/v2\/users\/1"}],"replies":[{"embeddable":true,"href":"https:\/\/archive.sana.sy\/tr\/index.php?rest_route=%2Fwp%2Fv2%2Fcomments&post=147349"}],"version-history":[{"count":0,"href":"https:\/\/archive.sana.sy\/tr\/index.php?rest_route=\/wp\/v2\/posts\/147349\/revisions"}],"wp:featuredmedia":[{"embeddable":true,"href":"https:\/\/archive.sana.sy\/tr\/index.php?rest_route=\/wp\/v2\/media\/147350"}],"wp:attachment":[{"href":"https:\/\/archive.sana.sy\/tr\/index.php?rest_route=%2Fwp%2Fv2%2Fmedia&parent=147349"}],"wp:term":[{"taxonomy":"category","embeddable":true,"href":"https:\/\/archive.sana.sy\/tr\/index.php?rest_route=%2Fwp%2Fv2%2Fcategories&post=147349"},{"taxonomy":"post_tag","embeddable":true,"href":"https:\/\/archive.sana.sy\/tr\/index.php?rest_route=%2Fwp%2Fv2%2Ftags&post=147349"}],"curies":[{"name":"wp","href":"https:\/\/api.w.org\/{rel}","templated":true}]}}