{"id":147363,"date":"2018-04-28T16:27:31","date_gmt":"2018-04-28T13:27:31","guid":{"rendered":"https:\/\/www.sana.sy\/tr\/?p=147363"},"modified":"2018-04-29T14:44:30","modified_gmt":"2018-04-29T11:44:30","slug":"suriyenin-bolunmesi-yonunde-herhangi-bir-plan-yada-cabaya-izin-verilemez","status":"publish","type":"post","link":"https:\/\/archive.sana.sy\/tr\/?p=147363","title":{"rendered":"Suriye&#8217;nin B\u00f6l\u00fcnmesi Y\u00f6n\u00fcnde Herhangi Bir Plan ya da \u00c7abaya \u0130zin Verilemez"},"content":{"rendered":"<p>MOSKOVA \u2013 Suriye konulu Astana g\u00f6r\u00fc\u015fmelerinin garant\u00f6r \u00fclkeleri Rusya, \u0130ran ve T\u00fcrkiye d\u0131\u015fi\u015fleri bakanlar\u0131 bug\u00fcn Moskova\u2019da bir araya geldi.<\/p>\n<p>G\u00f6r\u00fc\u015fmelerin ard\u0131ndan d\u00fczenlenen bas\u0131n toplant\u0131s\u0131nda Rusya D\u0131\u015fi\u015fleri Bakan\u0131 Sergey Lavrov; toplant\u0131da Suriye&#8217;nin egemenli\u011fi ve toprak b\u00fct\u00fcnl\u00fc\u011f\u00fcn\u00fcn korunmas\u0131 gere\u011fini vurgulad\u0131klar\u0131n\u0131 belirtti. Lavrov \u00fc\u00e7 devletin Suriye&#8217;nin par\u00e7alanmas\u0131 planlar\u0131na kar\u015f\u0131 ortak tutumlar\u0131n\u0131 kaydettiklerini ifade etti.<\/p>\n<p><a href=\"https:\/\/www.sana.sy\/tr\/wp-content\/uploads\/2018\/04\/1-295.jpg\"><img loading=\"lazy\" decoding=\"async\" class=\"alignright wp-image-147366 size-medium\" src=\"https:\/\/www.sana.sy\/tr\/wp-content\/uploads\/2018\/04\/1-295-300x208.jpg\" alt=\"\" width=\"300\" height=\"208\" srcset=\"https:\/\/archive.sana.sy\/tr\/wp-content\/uploads\/2018\/04\/1-295-300x208.jpg 300w, https:\/\/archive.sana.sy\/tr\/wp-content\/uploads\/2018\/04\/1-295-150x104.jpg 150w, https:\/\/archive.sana.sy\/tr\/wp-content\/uploads\/2018\/04\/1-295-768x532.jpg 768w, https:\/\/archive.sana.sy\/tr\/wp-content\/uploads\/2018\/04\/1-295-1024x709.jpg 1024w, https:\/\/archive.sana.sy\/tr\/wp-content\/uploads\/2018\/04\/1-295-110x75.jpg 110w\" sizes=\"auto, (max-width: 300px) 100vw, 300px\" \/><\/a><\/p>\n<p>Rusya&#8217;n\u0131n ter\u00f6rle m\u00fccadelesinde Suriye ve halk\u0131na deste\u011fini s\u00fcrd\u00fcrece\u011fini belirten Lavrov; ayn\u0131 zamanda Suriye halk\u0131n\u0131n ac\u0131lar\u0131n\u0131 hafifletme ama\u00e7l\u0131 yard\u0131mlar\u0131n\u0131 da s\u00fcrd\u00fcrece\u011fini kaydetti.<\/p>\n<p>Lavrov Suriye&#8217;deki krizin \u00e7\u00f6z\u00fcm\u00fcnde Birle\u015fmi\u015f Milletler G\u00fcvenlik Konseyinin 2254 say\u0131l\u0131 kapsam\u0131nda diplomatik s\u00fcreci s\u00fcrd\u00fcrmekten ba\u015fka hi\u00e7bir alternatifin bulunmad\u0131\u011f\u0131n\u0131 vurgulad\u0131.<\/p>\n<p>ABD, \u0130ngiltere ve Fransa\u2019n\u0131n 14 Nisan tarihinde Suriye&#8217;ye bulunduklar\u0131 \u00fc\u00e7l\u00fc sald\u0131r\u0131n\u0131n uluslar aras\u0131 kanunlar ve BM misak\u0131na kar\u015f\u0131 tehlikeli bir ihlal te\u015fkil etti\u011fine bir kez daha dikkat \u00e7eken Lavrov; bu sald\u0131r\u0131n\u0131n siyasi \u00e7\u00f6z\u00fcm s\u00fcrecini olumsuz etkiledi\u011fini belirtti.<\/p>\n<p>Rusya D\u0131\u015fi\u015fleri Bakan\u0131 Lavrov; Suriye&#8217;nin par\u00e7alanmas\u0131n\u0131 ama\u00e7layan herhangi bir plan ya da \u00e7abaya izin vermenin kesinlikle m\u00fcmk\u00fcn olmad\u0131\u011f\u0131n\u0131n alt\u0131n\u0131 \u00e7izdi.<\/p>\n<p>Suriyeliler aras\u0131nda diyalog g\u00f6r\u00fc\u015fmelerinin yeniden ba\u015flat\u0131lmas\u0131 gere\u011fini belirten Lavrov; bu s\u00fcrecin ba\u015flat\u0131lmas\u0131 i\u00e7in yurtd\u0131\u015f\u0131ndaki Suriyeli muhaliflerin herhangi bir \u00f6nko\u015ful dayatmalar\u0131n\u0131n kabul edilemez oldu\u011funu s\u00f6yledi.<\/p>\n<p>Lavrov BM\u2019nin Suriye&#8217;de insani durumlar ve yard\u0131mlar\u0131 politikle\u015ftirmemesi gerekti\u011finin alt\u0131n\u0131 \u00e7izdi. BM\u2019nin Suriye&#8217;de insani yard\u0131mlar\u0131 istisnas\u0131z t\u00fcm b\u00f6lgelere ula\u015ft\u0131rmas\u0131 gere\u011finin alt\u0131n\u0131 \u00e7izen Lavrov; bunun yan\u0131nda insani yard\u0131mlar\u0131 gasp edip keyfi bir \u015fekilde da\u011f\u0131tanlarla da i\u015fbirli\u011fi yapmamas\u0131 gerekti\u011fini vurgulad\u0131.<\/p>\n<p>Lavrov Rusya&#8217;n\u0131n ter\u00f6re silah temin etme ve yabanc\u0131 ter\u00f6ristlerin s\u0131n\u0131rlardan ge\u00e7i\u015flerini s\u0131k\u0131 bir \u015fekilde denetleyeceklerini belirtti.\u200f<\/p>\n<p><span style=\"color: #0000ff\">Zarif: Suriye ve Halk\u0131n\u0131n Gelece\u011fi Bizzat Suriyeliler Taraf\u0131ndan Belirlenecek<\/span><\/p>\n<p>Bas\u0131n toplant\u0131s\u0131nda \u0130ran D\u0131\u015fi\u015fleri Bakan\u0131 Muhammed Cevat Zarif ise; Ter\u00f6rle m\u00fccadelenin sadece ter\u00f6re maruz kalan devletlerin de\u011fil, uluslar aras\u0131 bir sorumluluk oldu\u011funu belirtti.<\/p>\n<p><a href=\"https:\/\/www.sana.sy\/tr\/wp-content\/uploads\/2018\/04\/2-131.jpg\"><img loading=\"lazy\" decoding=\"async\" class=\"alignright wp-image-147367 size-medium\" src=\"https:\/\/www.sana.sy\/tr\/wp-content\/uploads\/2018\/04\/2-131-300x224.jpg\" alt=\"\" width=\"300\" height=\"224\" srcset=\"https:\/\/archive.sana.sy\/tr\/wp-content\/uploads\/2018\/04\/2-131-300x224.jpg 300w, https:\/\/archive.sana.sy\/tr\/wp-content\/uploads\/2018\/04\/2-131-150x112.jpg 150w, https:\/\/archive.sana.sy\/tr\/wp-content\/uploads\/2018\/04\/2-131-768x573.jpg 768w, https:\/\/archive.sana.sy\/tr\/wp-content\/uploads\/2018\/04\/2-131-1024x764.jpg 1024w\" sizes=\"auto, (max-width: 300px) 100vw, 300px\" \/><\/a><\/p>\n<p>Zarif Suriye&#8217;deki krizin \u00e7\u00f6z\u00fcm\u00fcnde askeri bir \u00e7\u00f6z\u00fcm olmad\u0131\u011f\u0131n\u0131, yegane \u00e7\u00f6z\u00fcm\u00fcn d\u0131\u015f m\u00fcdahale olmaks\u0131z\u0131n Suriyelilerin kendi aralar\u0131nda diyalog yoluyla olaca\u011f\u0131n\u0131 ifade etti.<\/p>\n<p>ABD\u2019nin Suriye&#8217;de bulundu\u011fu kanunsuz davran\u0131\u015flar\u0131n durumlar\u0131n daha da t\u0131rmanmas\u0131 ve \u00e7\u00f6z\u00fcm \u00e7abalar\u0131n\u0131n sabote edilmesine yol a\u00e7t\u0131\u011f\u0131na dikkat \u00e7eken Zarif; ayn\u0131 zamanda Suriye&#8217;nin ulusal egemenli\u011fi ve toprak b\u00fct\u00fcnl\u00fc\u011f\u00fcn\u00fc tehdit etti\u011fini vurgulad\u0131.<\/p>\n<p>Zarif \u015eam k\u0131rsal\u0131 Duma Kentinde kimyasal silah kullan\u0131ld\u0131\u011f\u0131 iddialar\u0131n\u0131n uluslar aras\u0131 tarafs\u0131z ve profesyonel uzmanlar taraf\u0131ndan ciddi ve d\u00fcr\u00fcst bir \u015fekilde soru\u015fturulmas\u0131 ihtiyac\u0131n\u0131n bulundu\u011funu ifade etti.<\/p>\n<p>Suriye ve halk\u0131n\u0131n gelece\u011finin bizzat Suriyeliler taraf\u0131ndan belirlenece\u011fini vurgulayan Zarif; bu ba\u011flamda herhangi bir d\u0131\u015f dayatma ya da provokasyonun olmamas\u0131 gerekti\u011fini belirtti.<\/p>\n<p>Zarif uluslar aras\u0131 toplumun herhangi bir siyasi \u015fartlardan uzak olarak ter\u00f6rle m\u00fccadelede Suriye halk\u0131na yard\u0131m ve destekte bulunmakla m\u00fckellef oldu\u011funa dikkat \u00e7ekti.<\/p>\n<p>Suriye ve halk\u0131n\u0131n \u00e7\u0131karlar\u0131na kar\u015f\u0131 siyasi ajandalar ve \u00e7\u0131karlar u\u011fruna Suriye&#8217;ye herhangi bir m\u00fcdahalenin kabul edilemez oldu\u011funu belirten Zarif; \u0130ran\u2019\u0131n Suriye&#8217;de bu y\u00f6nl\u00fc herhangi bir askeri sald\u0131r\u0131y\u0131 mutlak bir \u015fekilde k\u0131nad\u0131\u011f\u0131n\u0131n alt\u0131n\u0131 \u00e7izdi.<\/p>\n<p>\u0130ran D\u0131\u015fi\u015fleri Bakan\u0131 Zarif ABD\u2019nin Suriye&#8217;de uluslar aras\u0131 anla\u015fmalar, BM misak\u0131 ve ilkelerine ilaveten uluslar aras\u0131 kanun ve kararlar\u0131 ihlal etti\u011fine dikkat \u00e7ekti.<\/p>\n<p><span style=\"color: #0000ff\">Ortak Beyan Yay\u0131nland\u0131<\/span><\/p>\n<p>Suriye konulu Astana g\u00f6r\u00fc\u015fmelerinin garant\u00f6r \u00fclkeleri d\u0131\u015fi\u015fleri bakanlar\u0131 Moskova\u2019da d\u00fczenledikleri toplant\u0131n\u0131n bitiminde ortak bir beyan yay\u0131nlad\u0131.<\/p>\n<p>Ortak beyanda garant\u00f6r \u00fclkeler Rusya, \u0130ran ve T\u00fcrkiye\u2019nin; Suriye&#8217;nin ulusal egemenli\u011fi ve toprak b\u00fct\u00fcnl\u00fc\u011f\u00fcn\u00fcn korunmas\u0131 gere\u011fini vurgulad\u0131klar\u0131, Suriye&#8217;nin par\u00e7alanmas\u0131n\u0131 hedefleyen herhangi bir plan ya da \u00e7abaya kar\u015f\u0131 olduklar\u0131 vurguland\u0131.<\/p>\n<p>Garant\u00f6r \u00fclkelerin d\u0131\u015fi\u015fleri bakanlar\u0131 ortak beyanlar\u0131nda;Astana g\u00f6r\u00fc\u015fmelerinin Suriye&#8217;de siyasi \u00e7\u00f6z\u00fcm\u00fcn sa\u011flanmas\u0131nda Suriyelilerin iradesiyle arac\u0131l\u0131\u011f\u0131 ile kapsaml\u0131 siyasi s\u00fcre\u00e7te ger\u00e7ek bir ilerleme kaydetti\u011fini belirtti.<\/p>\n","protected":false},"excerpt":{"rendered":"<p>MOSKOVA \u2013 Suriye konulu Astana g\u00f6r\u00fc\u015fmelerinin garant\u00f6r \u00fclkeleri Rusya, \u0130ran ve T\u00fcrkiye d\u0131\u015fi\u015fleri bakanlar\u0131 bug\u00fcn Moskova\u2019da bir araya geldi. G\u00f6r\u00fc\u015fmelerin ard\u0131ndan d\u00fczenlenen bas\u0131n toplant\u0131s\u0131nda Rusya D\u0131\u015fi\u015fleri Bakan\u0131 Sergey Lavrov; toplant\u0131da Suriye&#8217;nin egemenli\u011fi ve toprak b\u00fct\u00fcnl\u00fc\u011f\u00fcn\u00fcn korunmas\u0131 gere\u011fini vurgulad\u0131klar\u0131n\u0131 belirtti. Lavrov \u00fc\u00e7 devletin Suriye&#8217;nin par\u00e7alanmas\u0131 planlar\u0131na kar\u015f\u0131 ortak tutumlar\u0131n\u0131 kaydettiklerini ifade etti. Rusya&#8217;n\u0131n ter\u00f6rle m\u00fccadelesinde Suriye &hellip;<\/p>\n","protected":false},"author":1,"featured_media":147409,"comment_status":"closed","ping_status":"closed","sticky":false,"template":"","format":"standard","meta":{"footnotes":""},"categories":[458,459,17988],"tags":[26400,3915,16943,17036,30771,16592,10651,32096,3039],"class_list":["post-147363","post","type-post","status-publish","format-standard","has-post-thumbnail","","category-dunya1","category-haberler-arap-uluslararasi-politika","category-son-haberler","tag-astana-gorusmeleri","tag-iran","tag-iran-disisleri-bakani-muhammed-cevat-zarif","tag-moskova","tag-ortak-beyan","tag-rusya","tag-rusya-disisleri-bakani-sergey-lavrov","tag-suriye-konulu","tag-turkiye"],"_links":{"self":[{"href":"https:\/\/archive.sana.sy\/tr\/index.php?rest_route=\/wp\/v2\/posts\/147363","targetHints":{"allow":["GET"]}}],"collection":[{"href":"https:\/\/archive.sana.sy\/tr\/index.php?rest_route=\/wp\/v2\/posts"}],"about":[{"href":"https:\/\/archive.sana.sy\/tr\/index.php?rest_route=\/wp\/v2\/types\/post"}],"author":[{"embeddable":true,"href":"https:\/\/archive.sana.sy\/tr\/index.php?rest_route=\/wp\/v2\/users\/1"}],"replies":[{"embeddable":true,"href":"https:\/\/archive.sana.sy\/tr\/index.php?rest_route=%2Fwp%2Fv2%2Fcomments&post=147363"}],"version-history":[{"count":0,"href":"https:\/\/archive.sana.sy\/tr\/index.php?rest_route=\/wp\/v2\/posts\/147363\/revisions"}],"wp:featuredmedia":[{"embeddable":true,"href":"https:\/\/archive.sana.sy\/tr\/index.php?rest_route=\/wp\/v2\/media\/147409"}],"wp:attachment":[{"href":"https:\/\/archive.sana.sy\/tr\/index.php?rest_route=%2Fwp%2Fv2%2Fmedia&parent=147363"}],"wp:term":[{"taxonomy":"category","embeddable":true,"href":"https:\/\/archive.sana.sy\/tr\/index.php?rest_route=%2Fwp%2Fv2%2Fcategories&post=147363"},{"taxonomy":"post_tag","embeddable":true,"href":"https:\/\/archive.sana.sy\/tr\/index.php?rest_route=%2Fwp%2Fv2%2Ftags&post=147363"}],"curies":[{"name":"wp","href":"https:\/\/api.w.org\/{rel}","templated":true}]}}