{"id":147401,"date":"2018-04-28T16:22:53","date_gmt":"2018-04-28T13:22:53","guid":{"rendered":"https:\/\/www.sana.sy\/tr\/?p=147401"},"modified":"2018-04-29T14:44:34","modified_gmt":"2018-04-29T11:44:34","slug":"amac-ciftcilere-ve-tarima-destek%e2%80%8f","status":"publish","type":"post","link":"https:\/\/archive.sana.sy\/tr\/?p=147401","title":{"rendered":"Ama\u00e7 \u00c7ift\u00e7ilere ve Tar\u0131ma Destek\u200f"},"content":{"rendered":"<p>KUNAYTRA \u2013 Kunaytra \u0130l Tar\u0131m M\u00fcd\u00fcrl\u00fc\u011f\u00fc il k\u0131rsal\u0131nda tar\u0131ma elveri\u015fli olmayan alanlar\u0131 \u0131slah etme \u00e7abalar\u0131n\u0131 s\u00fcrd\u00fcr\u00fcrken, bug\u00fcn 500 d\u00f6n\u00fcml\u00fck ta\u015fl\u0131k bir alan\u0131 tar\u0131ma elveri\u015fli hale getirme \u00e7al\u0131\u015fmalar\u0131na ba\u015flad\u0131.<\/p>\n<p>\u0130l Tar\u0131m M\u00fcd\u00fcr\u00fc \u015eaman el Cuma; meyveli a\u011fa\u00e7 dikme alanlar\u0131n\u0131 geni\u015fletmeyi ama\u00e7layan \u00e7abalar kapsam\u0131nda y\u00fcr\u00fct\u00fclen \u00e7abalar\u0131n ter\u00f6rden kurtar\u0131lan b\u00f6lgeler dahil il k\u0131rsal\u0131n\u0131n farkl\u0131 b\u00f6lgelerini kapsad\u0131\u011f\u0131na dikkat \u00e7ekti.<\/p>\n<p>Cuma \u00e7ift\u00e7iler ve tar\u0131ma destek ama\u00e7l\u0131 bu \u00e7abalarda tar\u0131msal yollar\u0131n da a\u00e7\u0131l\u0131p eski yollar\u0131n onar\u0131ld\u0131\u011f\u0131na dikkat \u00e7ekti.<\/p>\n","protected":false},"excerpt":{"rendered":"<p>KUNAYTRA \u2013 Kunaytra \u0130l Tar\u0131m M\u00fcd\u00fcrl\u00fc\u011f\u00fc il k\u0131rsal\u0131nda tar\u0131ma elveri\u015fli olmayan alanlar\u0131 \u0131slah etme \u00e7abalar\u0131n\u0131 s\u00fcrd\u00fcr\u00fcrken, bug\u00fcn 500 d\u00f6n\u00fcml\u00fck ta\u015fl\u0131k bir alan\u0131 tar\u0131ma elveri\u015fli hale getirme \u00e7al\u0131\u015fmalar\u0131na ba\u015flad\u0131. \u0130l Tar\u0131m M\u00fcd\u00fcr\u00fc \u015eaman el Cuma; meyveli a\u011fa\u00e7 dikme alanlar\u0131n\u0131 geni\u015fletmeyi ama\u00e7layan \u00e7abalar kapsam\u0131nda y\u00fcr\u00fct\u00fclen \u00e7abalar\u0131n ter\u00f6rden kurtar\u0131lan b\u00f6lgeler dahil il k\u0131rsal\u0131n\u0131n farkl\u0131 b\u00f6lgelerini kapsad\u0131\u011f\u0131na dikkat \u00e7ekti. &hellip;<\/p>\n","protected":false},"author":1,"featured_media":147402,"comment_status":"closed","ping_status":"closed","sticky":false,"template":"","format":"standard","meta":{"footnotes":""},"categories":[485,486,17988],"tags":[36015,3564,9646],"class_list":["post-147401","post","type-post","status-publish","format-standard","has-post-thumbnail","","category-is-ve-sermaye","category-haberler-is-ve-sermaye","category-son-haberler","tag-500-donumluk-taslik-bir-alani-tarima-elverisli","tag-kunaytra","tag-tarim"],"_links":{"self":[{"href":"https:\/\/archive.sana.sy\/tr\/index.php?rest_route=\/wp\/v2\/posts\/147401","targetHints":{"allow":["GET"]}}],"collection":[{"href":"https:\/\/archive.sana.sy\/tr\/index.php?rest_route=\/wp\/v2\/posts"}],"about":[{"href":"https:\/\/archive.sana.sy\/tr\/index.php?rest_route=\/wp\/v2\/types\/post"}],"author":[{"embeddable":true,"href":"https:\/\/archive.sana.sy\/tr\/index.php?rest_route=\/wp\/v2\/users\/1"}],"replies":[{"embeddable":true,"href":"https:\/\/archive.sana.sy\/tr\/index.php?rest_route=%2Fwp%2Fv2%2Fcomments&post=147401"}],"version-history":[{"count":0,"href":"https:\/\/archive.sana.sy\/tr\/index.php?rest_route=\/wp\/v2\/posts\/147401\/revisions"}],"wp:featuredmedia":[{"embeddable":true,"href":"https:\/\/archive.sana.sy\/tr\/index.php?rest_route=\/wp\/v2\/media\/147402"}],"wp:attachment":[{"href":"https:\/\/archive.sana.sy\/tr\/index.php?rest_route=%2Fwp%2Fv2%2Fmedia&parent=147401"}],"wp:term":[{"taxonomy":"category","embeddable":true,"href":"https:\/\/archive.sana.sy\/tr\/index.php?rest_route=%2Fwp%2Fv2%2Fcategories&post=147401"},{"taxonomy":"post_tag","embeddable":true,"href":"https:\/\/archive.sana.sy\/tr\/index.php?rest_route=%2Fwp%2Fv2%2Ftags&post=147401"}],"curies":[{"name":"wp","href":"https:\/\/api.w.org\/{rel}","templated":true}]}}