{"id":147408,"date":"2018-04-28T16:46:15","date_gmt":"2018-04-28T13:46:15","guid":{"rendered":"https:\/\/www.sana.sy\/tr\/?p=147408"},"modified":"2018-04-28T16:46:15","modified_gmt":"2018-04-28T13:46:15","slug":"garantor-ulkelerin-disisleri-bakanlari-ortak-beyanlarindaastana-gorusmelerinin-suriyede-siyasi-cozumun-saglanmasinda-suriyelilerin-iradesiyle-araciligi-ile-kapsamli-siyasi-surecte-gercek-bir-ilerle","status":"publish","type":"post","link":"https:\/\/archive.sana.sy\/tr\/?p=147408","title":{"rendered":"Garant\u00f6r \u00fclkelerin d\u0131\u015fi\u015fleri bakanlar\u0131 ortak beyanlar\u0131nda;Astana g\u00f6r\u00fc\u015fmelerinin Suriye&#8217;de siyasi \u00e7\u00f6z\u00fcm\u00fcn sa\u011flanmas\u0131nda Suriyelilerin iradesiyle arac\u0131l\u0131\u011f\u0131 ile kapsaml\u0131 siyasi s\u00fcre\u00e7te ger\u00e7ek bir ilerleme kaydetti\u011fini belirtti."},"content":{"rendered":"<p>Garant\u00f6r \u00fclkelerin d\u0131\u015fi\u015fleri bakanlar\u0131 ortak beyanlar\u0131nda;Astana g\u00f6r\u00fc\u015fmelerinin Suriye&#8217;de siyasi \u00e7\u00f6z\u00fcm\u00fcn sa\u011flanmas\u0131nda Suriyelilerin iradesiyle arac\u0131l\u0131\u011f\u0131 ile kapsaml\u0131 siyasi s\u00fcre\u00e7te ger\u00e7ek bir ilerleme kaydetti\u011fini belirtti.<\/p>\n","protected":false},"excerpt":{"rendered":"<p>Garant\u00f6r \u00fclkelerin d\u0131\u015fi\u015fleri bakanlar\u0131 ortak beyanlar\u0131nda;Astana g\u00f6r\u00fc\u015fmelerinin Suriye&#8217;de siyasi \u00e7\u00f6z\u00fcm\u00fcn sa\u011flanmas\u0131nda Suriyelilerin iradesiyle arac\u0131l\u0131\u011f\u0131 ile kapsaml\u0131 siyasi s\u00fcre\u00e7te ger\u00e7ek bir ilerleme kaydetti\u011fini belirtti.<\/p>\n","protected":false},"author":1,"featured_media":0,"comment_status":"closed","ping_status":"closed","sticky":false,"template":"","format":"standard","meta":{"footnotes":""},"categories":[17991],"tags":[],"class_list":["post-147408","post","type-post","status-publish","format-standard","","category-son-dakika"],"_links":{"self":[{"href":"https:\/\/archive.sana.sy\/tr\/index.php?rest_route=\/wp\/v2\/posts\/147408","targetHints":{"allow":["GET"]}}],"collection":[{"href":"https:\/\/archive.sana.sy\/tr\/index.php?rest_route=\/wp\/v2\/posts"}],"about":[{"href":"https:\/\/archive.sana.sy\/tr\/index.php?rest_route=\/wp\/v2\/types\/post"}],"author":[{"embeddable":true,"href":"https:\/\/archive.sana.sy\/tr\/index.php?rest_route=\/wp\/v2\/users\/1"}],"replies":[{"embeddable":true,"href":"https:\/\/archive.sana.sy\/tr\/index.php?rest_route=%2Fwp%2Fv2%2Fcomments&post=147408"}],"version-history":[{"count":0,"href":"https:\/\/archive.sana.sy\/tr\/index.php?rest_route=\/wp\/v2\/posts\/147408\/revisions"}],"wp:attachment":[{"href":"https:\/\/archive.sana.sy\/tr\/index.php?rest_route=%2Fwp%2Fv2%2Fmedia&parent=147408"}],"wp:term":[{"taxonomy":"category","embeddable":true,"href":"https:\/\/archive.sana.sy\/tr\/index.php?rest_route=%2Fwp%2Fv2%2Fcategories&post=147408"},{"taxonomy":"post_tag","embeddable":true,"href":"https:\/\/archive.sana.sy\/tr\/index.php?rest_route=%2Fwp%2Fv2%2Ftags&post=147408"}],"curies":[{"name":"wp","href":"https:\/\/api.w.org\/{rel}","templated":true}]}}