{"id":147433,"date":"2018-04-28T18:47:36","date_gmt":"2018-04-28T15:47:36","guid":{"rendered":"https:\/\/www.sana.sy\/tr\/?p=147433"},"modified":"2018-04-29T14:44:25","modified_gmt":"2018-04-29T11:44:25","slug":"teror-fuzesi-evin-ustune-dustu","status":"publish","type":"post","link":"https:\/\/archive.sana.sy\/tr\/?p=147433","title":{"rendered":"Ter\u00f6r F\u00fczesi Evin \u00dcst\u00fcne D\u00fc\u015ft\u00fc"},"content":{"rendered":"<p>\u015eAM \u2013 Ba\u015fkent \u015eam\u2019\u0131n g\u00fcney kenarlar\u0131nda bulunan ter\u00f6ristlerin civar b\u00f6lgelere gaddar f\u00fcze ve roket sald\u0131r\u0131lar\u0131 devam ediyor.<\/p>\n<p>\u015eam \u0130l Emniyet M\u00fcd\u00fcrl\u00fc\u011f\u00fcnde bir kaynak SANA\u2019ya a\u00e7\u0131klamalar\u0131nda; \u015eam\u2019\u0131n g\u00fcney kenarla\u0131nda bulunan ter\u00f6ristlerin f\u0131rlatt\u0131klar\u0131 bir f\u00fczenin Meydan Semtinde sivil vatanda\u015flara ait bir evin \u00fcst\u00fcne d\u00fc\u015ft\u00fc\u011f\u00fcn\u00fc belirtti.<\/p>\n<p>Gaddar sald\u0131r\u0131da be\u015feri isabetlerin olmad\u0131\u011f\u0131n\u0131 s\u00f6yleyen kaynak; fakat evde b\u00fcy\u00fck maddi hasar\u0131n meydana geldi\u011fini kaydetti.<\/p>\n","protected":false},"excerpt":{"rendered":"<p>\u015eAM \u2013 Ba\u015fkent \u015eam\u2019\u0131n g\u00fcney kenarlar\u0131nda bulunan ter\u00f6ristlerin civar b\u00f6lgelere gaddar f\u00fcze ve roket sald\u0131r\u0131lar\u0131 devam ediyor. \u015eam \u0130l Emniyet M\u00fcd\u00fcrl\u00fc\u011f\u00fcnde bir kaynak SANA\u2019ya a\u00e7\u0131klamalar\u0131nda; \u015eam\u2019\u0131n g\u00fcney kenarla\u0131nda bulunan ter\u00f6ristlerin f\u0131rlatt\u0131klar\u0131 bir f\u00fczenin Meydan Semtinde sivil vatanda\u015flara ait bir evin \u00fcst\u00fcne d\u00fc\u015ft\u00fc\u011f\u00fcn\u00fc belirtti. Gaddar sald\u0131r\u0131da be\u015feri isabetlerin olmad\u0131\u011f\u0131n\u0131 s\u00f6yleyen kaynak; fakat evde b\u00fcy\u00fck maddi hasar\u0131n &hellip;<\/p>\n","protected":false},"author":1,"featured_media":133989,"comment_status":"closed","ping_status":"closed","sticky":false,"template":"","format":"standard","meta":{"footnotes":""},"categories":[479,575,17988,478],"tags":[],"class_list":["post-147433","post","type-post","status-publish","format-standard","has-post-thumbnail","","category-haberler-yerel","category-olaylar-ve-gercekler","category-son-haberler","category-yerel"],"_links":{"self":[{"href":"https:\/\/archive.sana.sy\/tr\/index.php?rest_route=\/wp\/v2\/posts\/147433","targetHints":{"allow":["GET"]}}],"collection":[{"href":"https:\/\/archive.sana.sy\/tr\/index.php?rest_route=\/wp\/v2\/posts"}],"about":[{"href":"https:\/\/archive.sana.sy\/tr\/index.php?rest_route=\/wp\/v2\/types\/post"}],"author":[{"embeddable":true,"href":"https:\/\/archive.sana.sy\/tr\/index.php?rest_route=\/wp\/v2\/users\/1"}],"replies":[{"embeddable":true,"href":"https:\/\/archive.sana.sy\/tr\/index.php?rest_route=%2Fwp%2Fv2%2Fcomments&post=147433"}],"version-history":[{"count":0,"href":"https:\/\/archive.sana.sy\/tr\/index.php?rest_route=\/wp\/v2\/posts\/147433\/revisions"}],"wp:featuredmedia":[{"embeddable":true,"href":"https:\/\/archive.sana.sy\/tr\/index.php?rest_route=\/wp\/v2\/media\/133989"}],"wp:attachment":[{"href":"https:\/\/archive.sana.sy\/tr\/index.php?rest_route=%2Fwp%2Fv2%2Fmedia&parent=147433"}],"wp:term":[{"taxonomy":"category","embeddable":true,"href":"https:\/\/archive.sana.sy\/tr\/index.php?rest_route=%2Fwp%2Fv2%2Fcategories&post=147433"},{"taxonomy":"post_tag","embeddable":true,"href":"https:\/\/archive.sana.sy\/tr\/index.php?rest_route=%2Fwp%2Fv2%2Ftags&post=147433"}],"curies":[{"name":"wp","href":"https:\/\/api.w.org\/{rel}","templated":true}]}}