{"id":147435,"date":"2018-04-28T18:54:17","date_gmt":"2018-04-28T15:54:17","guid":{"rendered":"https:\/\/www.sana.sy\/tr\/?p=147435"},"modified":"2018-04-29T14:51:51","modified_gmt":"2018-04-29T11:51:51","slug":"amac-arami-yok-olmakta-olan-arami-dilini-korumak","status":"publish","type":"post","link":"https:\/\/archive.sana.sy\/tr\/?p=147435","title":{"rendered":"Ama\u00e7 Arami Yok Olmakta Olan Arami Dilini Korumak (video)"},"content":{"rendered":"<p>\u015eAM KIRSALI \u2013 Suriye Uluslararas\u0131 Arami Dilini Koruma Kurumu Mar Afram S\u00fcryani Patrikli\u011fi Kalk\u0131nma Heyeti ile i\u015fbirli\u011fi i\u00e7inde bug\u00fcn \u015eam k\u0131rsal\u0131 Malula Kent Meclisinde Aramia 2018 faaliyeti d\u00fczenledi.<\/p>\n<p>D\u00fcnyadan yok olma tehlikesiyle kar\u015f\u0131 kar\u015f\u0131ya olan Arami dilinin korunmas\u0131 ve \u00f6\u011fretilmesini temin etme amac\u0131yla d\u00fczenlenen etkinlikte; Arami dilinde k\u00fclt\u00fcrel ve sanatsal etkinlikler yer ald\u0131.<\/p>\n<p>D\u00fcnyada Arami dilini kullanan tek b\u00f6lge oma ayr\u0131cal\u0131\u011f\u0131na sahip Malula Kentinde bu m\u00fcnasebetle Arami dilini \u00f6\u011frenme kurslar\u0131 ba\u015flat\u0131ld\u0131.<\/p>\n<div id='gallery-1' class='gallery galleryid-147435 gallery-columns-1 gallery-size-large'><figure class='gallery-item'>\n\t\t\t<div class='gallery-icon landscape'>\n\t\t\t\t<a href='https:\/\/archive.sana.sy\/tr\/wp-content\/uploads\/2018\/04\/DSC_2592.jpg'><img loading=\"lazy\" decoding=\"async\" width=\"618\" height=\"412\" src=\"https:\/\/archive.sana.sy\/tr\/wp-content\/uploads\/2018\/04\/DSC_2592-1024x682.jpg\" class=\"attachment-large size-large\" alt=\"\" srcset=\"https:\/\/archive.sana.sy\/tr\/wp-content\/uploads\/2018\/04\/DSC_2592-1024x682.jpg 1024w, https:\/\/archive.sana.sy\/tr\/wp-content\/uploads\/2018\/04\/DSC_2592-150x100.jpg 150w, https:\/\/archive.sana.sy\/tr\/wp-content\/uploads\/2018\/04\/DSC_2592-300x200.jpg 300w, https:\/\/archive.sana.sy\/tr\/wp-content\/uploads\/2018\/04\/DSC_2592-768x511.jpg 768w, https:\/\/archive.sana.sy\/tr\/wp-content\/uploads\/2018\/04\/DSC_2592.jpg 1200w\" sizes=\"auto, (max-width: 618px) 100vw, 618px\" \/><\/a>\n\t\t\t<\/div><\/figure><figure class='gallery-item'>\n\t\t\t<div class='gallery-icon landscape'>\n\t\t\t\t<a href='https:\/\/archive.sana.sy\/tr\/wp-content\/uploads\/2018\/04\/DSC_2610.jpg'><img loading=\"lazy\" decoding=\"async\" width=\"618\" height=\"412\" src=\"https:\/\/archive.sana.sy\/tr\/wp-content\/uploads\/2018\/04\/DSC_2610-1024x682.jpg\" class=\"attachment-large size-large\" alt=\"\" srcset=\"https:\/\/archive.sana.sy\/tr\/wp-content\/uploads\/2018\/04\/DSC_2610-1024x682.jpg 1024w, https:\/\/archive.sana.sy\/tr\/wp-content\/uploads\/2018\/04\/DSC_2610-150x100.jpg 150w, https:\/\/archive.sana.sy\/tr\/wp-content\/uploads\/2018\/04\/DSC_2610-300x200.jpg 300w, https:\/\/archive.sana.sy\/tr\/wp-content\/uploads\/2018\/04\/DSC_2610-768x511.jpg 768w, https:\/\/archive.sana.sy\/tr\/wp-content\/uploads\/2018\/04\/DSC_2610.jpg 1200w\" sizes=\"auto, (max-width: 618px) 100vw, 618px\" \/><\/a>\n\t\t\t<\/div><\/figure><figure class='gallery-item'>\n\t\t\t<div class='gallery-icon landscape'>\n\t\t\t\t<a href='https:\/\/archive.sana.sy\/tr\/wp-content\/uploads\/2018\/04\/DSC_2619.jpg'><img loading=\"lazy\" decoding=\"async\" width=\"618\" height=\"328\" src=\"https:\/\/archive.sana.sy\/tr\/wp-content\/uploads\/2018\/04\/DSC_2619-1024x544.jpg\" class=\"attachment-large size-large\" alt=\"\" srcset=\"https:\/\/archive.sana.sy\/tr\/wp-content\/uploads\/2018\/04\/DSC_2619-1024x544.jpg 1024w, https:\/\/archive.sana.sy\/tr\/wp-content\/uploads\/2018\/04\/DSC_2619-150x80.jpg 150w, https:\/\/archive.sana.sy\/tr\/wp-content\/uploads\/2018\/04\/DSC_2619-300x159.jpg 300w, https:\/\/archive.sana.sy\/tr\/wp-content\/uploads\/2018\/04\/DSC_2619-768x408.jpg 768w, https:\/\/archive.sana.sy\/tr\/wp-content\/uploads\/2018\/04\/DSC_2619-310x165.jpg 310w, https:\/\/archive.sana.sy\/tr\/wp-content\/uploads\/2018\/04\/DSC_2619.jpg 1200w\" sizes=\"auto, (max-width: 618px) 100vw, 618px\" \/><\/a>\n\t\t\t<\/div><\/figure><figure class='gallery-item'>\n\t\t\t<div class='gallery-icon landscape'>\n\t\t\t\t<a href='https:\/\/archive.sana.sy\/tr\/wp-content\/uploads\/2018\/04\/DSC_2626.jpg'><img loading=\"lazy\" decoding=\"async\" width=\"618\" height=\"349\" src=\"https:\/\/archive.sana.sy\/tr\/wp-content\/uploads\/2018\/04\/DSC_2626-1024x579.jpg\" class=\"attachment-large size-large\" alt=\"\" srcset=\"https:\/\/archive.sana.sy\/tr\/wp-content\/uploads\/2018\/04\/DSC_2626-1024x579.jpg 1024w, https:\/\/archive.sana.sy\/tr\/wp-content\/uploads\/2018\/04\/DSC_2626-150x85.jpg 150w, https:\/\/archive.sana.sy\/tr\/wp-content\/uploads\/2018\/04\/DSC_2626-300x170.jpg 300w, https:\/\/archive.sana.sy\/tr\/wp-content\/uploads\/2018\/04\/DSC_2626-768x435.jpg 768w, https:\/\/archive.sana.sy\/tr\/wp-content\/uploads\/2018\/04\/DSC_2626.jpg 1200w\" sizes=\"auto, (max-width: 618px) 100vw, 618px\" \/><\/a>\n\t\t\t<\/div><\/figure><figure class='gallery-item'>\n\t\t\t<div class='gallery-icon landscape'>\n\t\t\t\t<a href='https:\/\/archive.sana.sy\/tr\/wp-content\/uploads\/2018\/04\/DSC_2628.jpg'><img loading=\"lazy\" decoding=\"async\" width=\"618\" height=\"370\" src=\"https:\/\/archive.sana.sy\/tr\/wp-content\/uploads\/2018\/04\/DSC_2628-1024x613.jpg\" class=\"attachment-large size-large\" alt=\"\" srcset=\"https:\/\/archive.sana.sy\/tr\/wp-content\/uploads\/2018\/04\/DSC_2628-1024x613.jpg 1024w, https:\/\/archive.sana.sy\/tr\/wp-content\/uploads\/2018\/04\/DSC_2628-150x90.jpg 150w, https:\/\/archive.sana.sy\/tr\/wp-content\/uploads\/2018\/04\/DSC_2628-300x180.jpg 300w, https:\/\/archive.sana.sy\/tr\/wp-content\/uploads\/2018\/04\/DSC_2628-768x460.jpg 768w, https:\/\/archive.sana.sy\/tr\/wp-content\/uploads\/2018\/04\/DSC_2628.jpg 1200w\" sizes=\"auto, (max-width: 618px) 100vw, 618px\" \/><\/a>\n\t\t\t<\/div><\/figure>\n\t\t<\/div>\n\n<p>https:\/\/www.youtube.com\/watch?v=1Bjan4htwAM<\/p>\n","protected":false},"excerpt":{"rendered":"<p>\u015eAM KIRSALI \u2013 Suriye Uluslararas\u0131 Arami Dilini Koruma Kurumu Mar Afram S\u00fcryani Patrikli\u011fi Kalk\u0131nma Heyeti ile i\u015fbirli\u011fi i\u00e7inde bug\u00fcn \u015eam k\u0131rsal\u0131 Malula Kent Meclisinde Aramia 2018 faaliyeti d\u00fczenledi. D\u00fcnyadan yok olma tehlikesiyle kar\u015f\u0131 kar\u015f\u0131ya olan Arami dilinin korunmas\u0131 ve \u00f6\u011fretilmesini temin etme amac\u0131yla d\u00fczenlenen etkinlikte; Arami dilinde k\u00fclt\u00fcrel ve sanatsal etkinlikler yer ald\u0131. D\u00fcnyada Arami &hellip;<\/p>\n","protected":false},"author":1,"featured_media":147438,"comment_status":"closed","ping_status":"closed","sticky":false,"template":"","format":"standard","meta":{"footnotes":""},"categories":[596,479,516,511,17988,478],"tags":[36017,3027,36016],"class_list":["post-147435","post","type-post","status-publish","format-standard","has-post-thumbnail","","category-fotografli-raporlar","category-haberler-yerel","category-haberler-kultur-ve-sanat","category-kultur-ve-sanat","category-son-haberler","category-yerel","tag-arami","tag-malula","tag-suriye-uluslararasi-arami-dilini-koruma-kurumu-mar-afram-suryani-patrikligi-kalkinma-heyeti"],"_links":{"self":[{"href":"https:\/\/archive.sana.sy\/tr\/index.php?rest_route=\/wp\/v2\/posts\/147435","targetHints":{"allow":["GET"]}}],"collection":[{"href":"https:\/\/archive.sana.sy\/tr\/index.php?rest_route=\/wp\/v2\/posts"}],"about":[{"href":"https:\/\/archive.sana.sy\/tr\/index.php?rest_route=\/wp\/v2\/types\/post"}],"author":[{"embeddable":true,"href":"https:\/\/archive.sana.sy\/tr\/index.php?rest_route=\/wp\/v2\/users\/1"}],"replies":[{"embeddable":true,"href":"https:\/\/archive.sana.sy\/tr\/index.php?rest_route=%2Fwp%2Fv2%2Fcomments&post=147435"}],"version-history":[{"count":0,"href":"https:\/\/archive.sana.sy\/tr\/index.php?rest_route=\/wp\/v2\/posts\/147435\/revisions"}],"wp:featuredmedia":[{"embeddable":true,"href":"https:\/\/archive.sana.sy\/tr\/index.php?rest_route=\/wp\/v2\/media\/147438"}],"wp:attachment":[{"href":"https:\/\/archive.sana.sy\/tr\/index.php?rest_route=%2Fwp%2Fv2%2Fmedia&parent=147435"}],"wp:term":[{"taxonomy":"category","embeddable":true,"href":"https:\/\/archive.sana.sy\/tr\/index.php?rest_route=%2Fwp%2Fv2%2Fcategories&post=147435"},{"taxonomy":"post_tag","embeddable":true,"href":"https:\/\/archive.sana.sy\/tr\/index.php?rest_route=%2Fwp%2Fv2%2Ftags&post=147435"}],"curies":[{"name":"wp","href":"https:\/\/api.w.org\/{rel}","templated":true}]}}