{"id":147492,"date":"2018-04-29T14:41:04","date_gmt":"2018-04-29T11:41:04","guid":{"rendered":"https:\/\/www.sana.sy\/tr\/?p=147492"},"modified":"2018-04-30T15:06:56","modified_gmt":"2018-04-30T12:06:56","slug":"silahlarini-teslim-eden-156-kisi-normal-yasamina-donuyor","status":"publish","type":"post","link":"https:\/\/archive.sana.sy\/tr\/?p=147492","title":{"rendered":"Silahlar\u0131n\u0131 Teslim Eden 156 Ki\u015fi Normal Ya\u015fam\u0131na D\u00f6n\u00fcyor"},"content":{"rendered":"<p>HOMS \u2013 Homs k\u0131rsal\u0131n\u0131n kuzeyi Telbise ve Resten b\u00f6lgelerinden 156 ki\u015fi bug\u00fcn t\u00fcm silahlar\u0131n\u0131 teslim etmeleri ard\u0131ndan kanuni durumlar\u0131 yeniden d\u00fczenlendi.<\/p>\n<p>Ulusal uzla\u015fma \u00e7abalar\u0131 ve af karar\u0131 kapsam\u0131nda kanuni durumlar\u0131 yeniden d\u00fczenlenen s\u00f6z konusu ki\u015filer, ulusal g\u00fcvenli\u011fi tehdit edecek herhangi bir eyleme kat\u0131lmama taahh\u00fcd\u00fc imzalamalar\u0131 ard\u0131ndan serbest b\u0131rak\u0131l\u0131p aileleri aras\u0131nda normal ya\u015fama d\u00f6nd\u00fcler.<\/p>\n","protected":false},"excerpt":{"rendered":"<p>HOMS \u2013 Homs k\u0131rsal\u0131n\u0131n kuzeyi Telbise ve Resten b\u00f6lgelerinden 156 ki\u015fi bug\u00fcn t\u00fcm silahlar\u0131n\u0131 teslim etmeleri ard\u0131ndan kanuni durumlar\u0131 yeniden d\u00fczenlendi. Ulusal uzla\u015fma \u00e7abalar\u0131 ve af karar\u0131 kapsam\u0131nda kanuni durumlar\u0131 yeniden d\u00fczenlenen s\u00f6z konusu ki\u015filer, ulusal g\u00fcvenli\u011fi tehdit edecek herhangi bir eyleme kat\u0131lmama taahh\u00fcd\u00fc imzalamalar\u0131 ard\u0131ndan serbest b\u0131rak\u0131l\u0131p aileleri aras\u0131nda normal ya\u015fama d\u00f6nd\u00fcler.<\/p>\n","protected":false},"author":1,"featured_media":147497,"comment_status":"closed","ping_status":"closed","sticky":false,"template":"","format":"standard","meta":{"footnotes":""},"categories":[479,575,17988,478],"tags":[26477,1293,3436,35790,19034,22181,2283],"class_list":["post-147492","post","type-post","status-publish","format-standard","has-post-thumbnail","","category-haberler-yerel","category-olaylar-ve-gercekler","category-son-haberler","category-yerel","tag-af-kanunu","tag-homs","tag-resten","tag-silah-teslimi","tag-suriyeli-muhalifler","tag-suriyeliler","tag-telbise"],"_links":{"self":[{"href":"https:\/\/archive.sana.sy\/tr\/index.php?rest_route=\/wp\/v2\/posts\/147492","targetHints":{"allow":["GET"]}}],"collection":[{"href":"https:\/\/archive.sana.sy\/tr\/index.php?rest_route=\/wp\/v2\/posts"}],"about":[{"href":"https:\/\/archive.sana.sy\/tr\/index.php?rest_route=\/wp\/v2\/types\/post"}],"author":[{"embeddable":true,"href":"https:\/\/archive.sana.sy\/tr\/index.php?rest_route=\/wp\/v2\/users\/1"}],"replies":[{"embeddable":true,"href":"https:\/\/archive.sana.sy\/tr\/index.php?rest_route=%2Fwp%2Fv2%2Fcomments&post=147492"}],"version-history":[{"count":0,"href":"https:\/\/archive.sana.sy\/tr\/index.php?rest_route=\/wp\/v2\/posts\/147492\/revisions"}],"wp:featuredmedia":[{"embeddable":true,"href":"https:\/\/archive.sana.sy\/tr\/index.php?rest_route=\/wp\/v2\/media\/147497"}],"wp:attachment":[{"href":"https:\/\/archive.sana.sy\/tr\/index.php?rest_route=%2Fwp%2Fv2%2Fmedia&parent=147492"}],"wp:term":[{"taxonomy":"category","embeddable":true,"href":"https:\/\/archive.sana.sy\/tr\/index.php?rest_route=%2Fwp%2Fv2%2Fcategories&post=147492"},{"taxonomy":"post_tag","embeddable":true,"href":"https:\/\/archive.sana.sy\/tr\/index.php?rest_route=%2Fwp%2Fv2%2Ftags&post=147492"}],"curies":[{"name":"wp","href":"https:\/\/api.w.org\/{rel}","templated":true}]}}