{"id":147516,"date":"2018-04-30T02:00:49","date_gmt":"2018-04-29T23:00:49","guid":{"rendered":"https:\/\/www.sana.sy\/tr\/?p=147516"},"modified":"2018-04-29T15:22:04","modified_gmt":"2018-04-29T12:22:04","slug":"gencler-kisa-film-festivalinde-yarisma-faaliyetleri-duzenleniyor","status":"publish","type":"post","link":"https:\/\/archive.sana.sy\/tr\/?p=147516","title":{"rendered":"Gen\u00e7ler K\u0131sa Film Festivalinde yar\u0131\u015fma faaliyetleri d\u00fczenleniyor"},"content":{"rendered":"<p>Gen\u00e7ler K\u0131sa Film Festivalinde yar\u0131\u015fma faaliyetleri d\u00fczenleniyor<\/p>\n<p>https:\/\/www.youtube.com\/watch?v=OSGAIMVoDgE<\/p>\n","protected":false},"excerpt":{"rendered":"<p>Gen\u00e7ler K\u0131sa Film Festivalinde yar\u0131\u015fma faaliyetleri d\u00fczenleniyor https:\/\/www.youtube.com\/watch?v=OSGAIMVoDgE<\/p>\n","protected":false},"author":1,"featured_media":147526,"comment_status":"closed","ping_status":"closed","sticky":false,"template":"","format":"standard","meta":{"footnotes":""},"categories":[18295],"tags":[],"class_list":["post-147516","post","type-post","status-publish","format-standard","has-post-thumbnail","","category-sana-video"],"_links":{"self":[{"href":"https:\/\/archive.sana.sy\/tr\/index.php?rest_route=\/wp\/v2\/posts\/147516","targetHints":{"allow":["GET"]}}],"collection":[{"href":"https:\/\/archive.sana.sy\/tr\/index.php?rest_route=\/wp\/v2\/posts"}],"about":[{"href":"https:\/\/archive.sana.sy\/tr\/index.php?rest_route=\/wp\/v2\/types\/post"}],"author":[{"embeddable":true,"href":"https:\/\/archive.sana.sy\/tr\/index.php?rest_route=\/wp\/v2\/users\/1"}],"replies":[{"embeddable":true,"href":"https:\/\/archive.sana.sy\/tr\/index.php?rest_route=%2Fwp%2Fv2%2Fcomments&post=147516"}],"version-history":[{"count":0,"href":"https:\/\/archive.sana.sy\/tr\/index.php?rest_route=\/wp\/v2\/posts\/147516\/revisions"}],"wp:featuredmedia":[{"embeddable":true,"href":"https:\/\/archive.sana.sy\/tr\/index.php?rest_route=\/wp\/v2\/media\/147526"}],"wp:attachment":[{"href":"https:\/\/archive.sana.sy\/tr\/index.php?rest_route=%2Fwp%2Fv2%2Fmedia&parent=147516"}],"wp:term":[{"taxonomy":"category","embeddable":true,"href":"https:\/\/archive.sana.sy\/tr\/index.php?rest_route=%2Fwp%2Fv2%2Fcategories&post=147516"},{"taxonomy":"post_tag","embeddable":true,"href":"https:\/\/archive.sana.sy\/tr\/index.php?rest_route=%2Fwp%2Fv2%2Ftags&post=147516"}],"curies":[{"name":"wp","href":"https:\/\/api.w.org\/{rel}","templated":true}]}}