{"id":147532,"date":"2018-04-29T15:39:23","date_gmt":"2018-04-29T12:39:23","guid":{"rendered":"https:\/\/www.sana.sy\/tr\/?p=147532"},"modified":"2018-04-30T15:06:55","modified_gmt":"2018-04-30T12:06:55","slug":"isci-federasyonu-genel-kurulu-onuncu-donem-toplantilarini-duzenliyor","status":"publish","type":"post","link":"https:\/\/archive.sana.sy\/tr\/?p=147532","title":{"rendered":"\u0130\u015f\u00e7i Federasyonu Genel Kurulu Onuncu D\u00f6nem Toplant\u0131lar\u0131n\u0131 D\u00fczenliyor"},"content":{"rendered":"<p>\u015eAM \u2013 \u0130\u015f\u00e7i Federasyonu genel kurulu bug\u00fcn 10. D\u00f6nem toplant\u0131lar\u0131nda toplum ve i\u015f\u00e7ilerin k\u00fclt\u00fcrel, sosyal ve insani a\u00e7\u0131ndan g\u00fcnl\u00fck ya\u015fam ko\u015fullar\u0131n\u0131 iyile\u015ftirme \u00fczerinde odakland\u0131.<\/p>\n<p>Federasyon binas\u0131nda d\u00fczenlenen toplant\u0131larda kat\u0131l\u0131mc\u0131lar; \u00f6zellikle \u015fehit aileleri i\u00e7in olmak \u00fczere i\u015f\u00e7i tabakas\u0131na has kalk\u0131nsal projeler uygulama talebinde bulundular.<\/p>\n<p>Kat\u0131l\u0131mc\u0131lar ordu birliklerimizin ter\u00f6rden kurtard\u0131klar\u0131 b\u00f6lgelerin yeniden yap\u0131land\u0131r\u0131lmas\u0131 \u00e7al\u0131\u015fmalar\u0131n\u0131n h\u0131zland\u0131r\u0131lmas\u0131n\u0131 talep ederken, her b\u00f6lgenin \u00f6zellik ve olanaklar\u0131na has sanayi projeleri geli\u015ftirme \u00f6nemini kaydettiler.<\/p>\n<p>\u0130\u015f\u00e7i tabakas\u0131nda ideoloji ve k\u00fclt\u00fcrel y\u00f6nlere \u00f6nem verilmesi \u00e7a\u011fr\u0131s\u0131nda bulunan kat\u0131l\u0131mc\u0131lar; Suriye i\u015f\u00e7ilerinin ulusalc\u0131 tutumlar\u0131na dikkat \u00e7ekti.<\/p>\n<p>Kat\u0131l\u0131mc\u0131lar ordu birliklerimizin d\u0131\u015f g\u00fc\u00e7lere tabi ter\u00f6ristlere kar\u015f\u0131 zaferlerini \u00f6verken, ordu birliklerimize mutlak desteklerinin alt\u0131n\u0131 \u00e7izdi.<\/p>\n<p>\u0130ki g\u00fcn s\u00fcreyle d\u00fczenlenen toplant\u0131larda Baas Partisi Genel Sekreter Yard\u0131mc\u0131s\u0131 Hilal Hilal ve Federasyon Ba\u015fkan\u0131 Cemal Kadiri kat\u0131l\u0131mc\u0131lar\u0131n soru ve \u00f6nerilerini cevaplad\u0131.<\/p>\n","protected":false},"excerpt":{"rendered":"<p>\u015eAM \u2013 \u0130\u015f\u00e7i Federasyonu genel kurulu bug\u00fcn 10. D\u00f6nem toplant\u0131lar\u0131nda toplum ve i\u015f\u00e7ilerin k\u00fclt\u00fcrel, sosyal ve insani a\u00e7\u0131ndan g\u00fcnl\u00fck ya\u015fam ko\u015fullar\u0131n\u0131 iyile\u015ftirme \u00fczerinde odakland\u0131. Federasyon binas\u0131nda d\u00fczenlenen toplant\u0131larda kat\u0131l\u0131mc\u0131lar; \u00f6zellikle \u015fehit aileleri i\u00e7in olmak \u00fczere i\u015f\u00e7i tabakas\u0131na has kalk\u0131nsal projeler uygulama talebinde bulundular. Kat\u0131l\u0131mc\u0131lar ordu birliklerimizin ter\u00f6rden kurtard\u0131klar\u0131 b\u00f6lgelerin yeniden yap\u0131land\u0131r\u0131lmas\u0131 \u00e7al\u0131\u015fmalar\u0131n\u0131n h\u0131zland\u0131r\u0131lmas\u0131n\u0131 talep ederken, &hellip;<\/p>\n","protected":false},"author":1,"featured_media":147533,"comment_status":"closed","ping_status":"closed","sticky":false,"template":"","format":"standard","meta":{"footnotes":""},"categories":[479,17988,478],"tags":[36025,8883,36024,6445,3838],"class_list":["post-147532","post","type-post","status-publish","format-standard","has-post-thumbnail","","category-haberler-yerel","category-son-haberler","category-yerel","tag-10-donem-toplantilari","tag-insani","tag-isci-federasyonu-genel-kurulu","tag-kulturel","tag-sosyal"],"_links":{"self":[{"href":"https:\/\/archive.sana.sy\/tr\/index.php?rest_route=\/wp\/v2\/posts\/147532","targetHints":{"allow":["GET"]}}],"collection":[{"href":"https:\/\/archive.sana.sy\/tr\/index.php?rest_route=\/wp\/v2\/posts"}],"about":[{"href":"https:\/\/archive.sana.sy\/tr\/index.php?rest_route=\/wp\/v2\/types\/post"}],"author":[{"embeddable":true,"href":"https:\/\/archive.sana.sy\/tr\/index.php?rest_route=\/wp\/v2\/users\/1"}],"replies":[{"embeddable":true,"href":"https:\/\/archive.sana.sy\/tr\/index.php?rest_route=%2Fwp%2Fv2%2Fcomments&post=147532"}],"version-history":[{"count":0,"href":"https:\/\/archive.sana.sy\/tr\/index.php?rest_route=\/wp\/v2\/posts\/147532\/revisions"}],"wp:featuredmedia":[{"embeddable":true,"href":"https:\/\/archive.sana.sy\/tr\/index.php?rest_route=\/wp\/v2\/media\/147533"}],"wp:attachment":[{"href":"https:\/\/archive.sana.sy\/tr\/index.php?rest_route=%2Fwp%2Fv2%2Fmedia&parent=147532"}],"wp:term":[{"taxonomy":"category","embeddable":true,"href":"https:\/\/archive.sana.sy\/tr\/index.php?rest_route=%2Fwp%2Fv2%2Fcategories&post=147532"},{"taxonomy":"post_tag","embeddable":true,"href":"https:\/\/archive.sana.sy\/tr\/index.php?rest_route=%2Fwp%2Fv2%2Ftags&post=147532"}],"curies":[{"name":"wp","href":"https:\/\/api.w.org\/{rel}","templated":true}]}}