{"id":147564,"date":"2018-04-29T17:04:39","date_gmt":"2018-04-29T14:04:39","guid":{"rendered":"https:\/\/www.sana.sy\/tr\/?p=147564"},"modified":"2018-04-30T13:17:55","modified_gmt":"2018-04-30T10:17:55","slug":"teroristlerin-saflarinda-dagilma-ve-cokusler-basladi","status":"publish","type":"post","link":"https:\/\/archive.sana.sy\/tr\/?p=147564","title":{"rendered":"Ter\u00f6ristlerin Saflar\u0131nda Da\u011f\u0131lma ve \u00c7\u00f6k\u00fc\u015fler Ba\u015flad\u0131"},"content":{"rendered":"<p>\u015eAM KIRSALI \u2013 \u015eam ve k\u0131rsal\u0131n\u0131n tamam\u0131n\u0131 ter\u00f6rden kurtarma kararl\u0131l\u0131\u011f\u0131nda olan vatan koruyucular\u0131 ordu birliklerimiz ba\u015fkent \u015eam\u2019\u0131n g\u00fcney kenarlar\u0131 Hacer el Esved B\u00f6lgesinde radikal ter\u00f6ristlere kar\u015f\u0131 nitelikli operasyonlar\u0131n\u0131 s\u00fcrd\u00fcr\u00fcrlerken, ter\u00f6ristlerin saflar\u0131nda ciddi da\u011f\u0131lmalar ve \u00e7\u00f6k\u00fc\u015fler kaydedildi.<\/p>\n<p>SANA\u2019n\u0131n sava\u015f muhabiri ordu birliklerimizin hava g\u00fc\u00e7lerimiz ve top\u00e7u birliklerimizin deste\u011fi ile Hacer el Esved B\u00f6lgesinde bug\u00fcn radikal ter\u00f6ristlere kar\u015f\u0131 nitelikli ve dakik operasyonlarda bulunduklar\u0131n\u0131 belirtti.<\/p>\n<p>Muhabir b\u00f6lgenin g\u00fcney ve g\u00fcneybat\u0131 eksenlerinde \u015fiddetli \u00e7at\u0131\u015fmalar ya\u015fand\u0131\u011f\u0131n\u0131 ifade ederken, ordu birliklerimizin semt kenarlar\u0131nda ter\u00f6ristlerin g\u00fc\u00e7l\u00fc siperlerinin b\u00fcy\u00fck bir k\u0131sm\u0131n\u0131 yok ettiklerini kaydetti. Operasyonlarda b\u00f6lgenin derinliklerinde ter\u00f6ristlere ait bir\u00e7ok ikmal ve destek hatt\u0131n\u0131n ba\u015far\u0131yla kesildi\u011fine dikkat \u00e7eken muhabir; ter\u00f6ristlerin be\u015feri ve cephane a\u00e7\u0131s\u0131ndan b\u00fcy\u00fck kay\u0131plar\u0131 ard\u0131ndan ciddi \u00e7\u00f6k\u00fc\u015fler ya\u015fad\u0131klar\u0131n\u0131 belirtti.<\/p>\n<p>Muhabir ordu birliklerimizin ba\u015far\u0131l\u0131 operasyonlar\u0131 s\u0131ras\u0131nda ter\u00f6ristlerin arkalar\u0131nda \u00e7ok say\u0131da ceset ve muhtelif t\u00fcr silahlar b\u0131rakarak b\u00f6lgenin derinliklerine do\u011fru ka\u00e7t\u0131klar\u0131n\u0131 s\u00f6yledi.<\/p>\n","protected":false},"excerpt":{"rendered":"<p>\u015eAM KIRSALI \u2013 \u015eam ve k\u0131rsal\u0131n\u0131n tamam\u0131n\u0131 ter\u00f6rden kurtarma kararl\u0131l\u0131\u011f\u0131nda olan vatan koruyucular\u0131 ordu birliklerimiz ba\u015fkent \u015eam\u2019\u0131n g\u00fcney kenarlar\u0131 Hacer el Esved B\u00f6lgesinde radikal ter\u00f6ristlere kar\u015f\u0131 nitelikli operasyonlar\u0131n\u0131 s\u00fcrd\u00fcr\u00fcrlerken, ter\u00f6ristlerin saflar\u0131nda ciddi da\u011f\u0131lmalar ve \u00e7\u00f6k\u00fc\u015fler kaydedildi. SANA\u2019n\u0131n sava\u015f muhabiri ordu birliklerimizin hava g\u00fc\u00e7lerimiz ve top\u00e7u birliklerimizin deste\u011fi ile Hacer el Esved B\u00f6lgesinde bug\u00fcn radikal ter\u00f6ristlere &hellip;<\/p>\n","protected":false},"author":1,"featured_media":147565,"comment_status":"closed","ping_status":"closed","sticky":false,"template":"","format":"standard","meta":{"footnotes":""},"categories":[479,575,17988,478],"tags":[36026,15788,1247,33463,36020,29898,30941],"class_list":["post-147564","post","type-post","status-publish","format-standard","has-post-thumbnail","","category-haberler-yerel","category-olaylar-ve-gercekler","category-son-haberler","category-yerel","tag-hacer-el-esved-bolgesinde","tag-hava-guclerimiz","tag-ordu-birliklerimizin","tag-sam-ve-kirsali","tag-samin-guney-kenarlari","tag-teroristlere","tag-topcu-birliklerimiz"],"_links":{"self":[{"href":"https:\/\/archive.sana.sy\/tr\/index.php?rest_route=\/wp\/v2\/posts\/147564","targetHints":{"allow":["GET"]}}],"collection":[{"href":"https:\/\/archive.sana.sy\/tr\/index.php?rest_route=\/wp\/v2\/posts"}],"about":[{"href":"https:\/\/archive.sana.sy\/tr\/index.php?rest_route=\/wp\/v2\/types\/post"}],"author":[{"embeddable":true,"href":"https:\/\/archive.sana.sy\/tr\/index.php?rest_route=\/wp\/v2\/users\/1"}],"replies":[{"embeddable":true,"href":"https:\/\/archive.sana.sy\/tr\/index.php?rest_route=%2Fwp%2Fv2%2Fcomments&post=147564"}],"version-history":[{"count":0,"href":"https:\/\/archive.sana.sy\/tr\/index.php?rest_route=\/wp\/v2\/posts\/147564\/revisions"}],"wp:featuredmedia":[{"embeddable":true,"href":"https:\/\/archive.sana.sy\/tr\/index.php?rest_route=\/wp\/v2\/media\/147565"}],"wp:attachment":[{"href":"https:\/\/archive.sana.sy\/tr\/index.php?rest_route=%2Fwp%2Fv2%2Fmedia&parent=147564"}],"wp:term":[{"taxonomy":"category","embeddable":true,"href":"https:\/\/archive.sana.sy\/tr\/index.php?rest_route=%2Fwp%2Fv2%2Fcategories&post=147564"},{"taxonomy":"post_tag","embeddable":true,"href":"https:\/\/archive.sana.sy\/tr\/index.php?rest_route=%2Fwp%2Fv2%2Ftags&post=147564"}],"curies":[{"name":"wp","href":"https:\/\/api.w.org\/{rel}","templated":true}]}}