{"id":147593,"date":"2018-04-30T09:22:13","date_gmt":"2018-04-30T06:22:13","guid":{"rendered":"https:\/\/www.sana.sy\/tr\/?p=147593"},"modified":"2018-05-01T12:32:00","modified_gmt":"2018-05-01T09:32:00","slug":"edatlari-agir-yenilgiye-ugratilinca-direk-saldiriya-gectiler","status":"publish","type":"post","link":"https:\/\/archive.sana.sy\/tr\/?p=147593","title":{"rendered":"Edatlar\u0131 A\u011f\u0131r Yenilgiye U\u011frat\u0131l\u0131nca Direk Sald\u0131r\u0131ya Ge\u00e7tiler"},"content":{"rendered":"<p>\u015eAM \u2013 Cumhurba\u015fkan\u0131 Be\u015f\u015far el Esad \u0130ran \u015eura Meclisinde Mili G\u00fcvenlik ve D\u0131\u015f Politika Komitesi Ba\u015fkan\u0131 Alauddin Brojerdi ve Suriye ziyaretinde ona e\u015flik eden heyeti kabul etti.<\/p>\n<p><a href=\"https:\/\/www.sana.sy\/tr\/wp-content\/uploads\/2018\/04\/02-19.jpg\"><img loading=\"lazy\" decoding=\"async\" class=\"alignright wp-image-147601 size-medium\" src=\"https:\/\/www.sana.sy\/tr\/wp-content\/uploads\/2018\/04\/02-19-300x173.jpg\" alt=\"\" width=\"300\" height=\"173\" srcset=\"https:\/\/archive.sana.sy\/tr\/wp-content\/uploads\/2018\/04\/02-19-300x173.jpg 300w, https:\/\/archive.sana.sy\/tr\/wp-content\/uploads\/2018\/04\/02-19-150x87.jpg 150w, https:\/\/archive.sana.sy\/tr\/wp-content\/uploads\/2018\/04\/02-19-768x444.jpg 768w, https:\/\/archive.sana.sy\/tr\/wp-content\/uploads\/2018\/04\/02-19-1024x591.jpg 1024w\" sizes=\"auto, (max-width: 300px) 100vw, 300px\" \/><\/a>Suriye&#8217;de son durum ve geli\u015fmelerin yan\u0131 s\u0131ra ter\u00f6r ve destek\u00e7ilerine kar\u015f\u0131 sa\u011flanan zaferlerin ele al\u0131nd\u0131\u011f\u0131 g\u00f6r\u00fc\u015fmede; iki \u00fclke parlamentolar\u0131 aras\u0131ndaki ili\u015fkiler dahil ikili ili\u015fkileri muhtelif alanlarda geli\u015ftirmede Suriye ve \u0130ran\u2019\u0131n ortak arzular\u0131 tart\u0131\u015f\u0131ld\u0131.<\/p>\n<p>Cumhurba\u015fkan\u0131 el Esad Ortado\u011fu\u2019nun bu s\u00fcre\u00e7 i\u00e7inde t\u00fcm d\u00fcnya haritas\u0131n\u0131n yeniden belirlenmesi s\u00fcrecinden ge\u00e7ti\u011fine dikkat \u00e7ekti. El Esad Suriye ve halk\u0131na kar\u015f\u0131 muhtelif y\u00f6nl\u00fc sava\u015fta son s\u00fcre\u00e7 i\u00e7inde meydana gelen t\u0131rmand\u0131rmaya vurgu yaparken, y\u0131llard\u0131r Suriye&#8217;de ter\u00f6r\u00fc destekleyen bir k\u0131s\u0131m devletlerin edatlar\u0131n\u0131n a\u011f\u0131r yenilgisi ard\u0131ndan direk sald\u0131r\u0131ya ge\u00e7tiklerini belirtti.<\/p>\n<p>T\u00fcm bu t\u0131rmand\u0131rma ve direk sald\u0131r\u0131lar\u0131n Suriye ve halk\u0131n\u0131n ter\u00f6re kar\u015f\u0131 sava\u015f azimlerini daha da peki\u015ftirece\u011fini ifade eden el Esad; Suriye ve Suriyelilerin t\u00fcm \u015fekilleriyle ter\u00f6r\u00fc yok etme, ulusal egemenlik ve toprak b\u00fct\u00fcnl\u00fc\u011f\u00fcn\u00fc savunup koruma kararl\u0131l\u0131\u011f\u0131n\u0131n bir kez daha alt\u0131n\u0131 \u00e7izdi. El Esad Suriye ve Suriyelilerin kendi geleceklerini kendi elleriyle belirleme ve yap\u0131land\u0131rmada me\u015fru haklar\u0131na vurgu yapt\u0131.<\/p>\n<p><a href=\"https:\/\/www.sana.sy\/tr\/wp-content\/uploads\/2018\/04\/01-22.jpg\"><img loading=\"lazy\" decoding=\"async\" class=\"alignright wp-image-147602 size-medium\" src=\"https:\/\/www.sana.sy\/tr\/wp-content\/uploads\/2018\/04\/01-22-300x173.jpg\" alt=\"\" width=\"300\" height=\"173\" srcset=\"https:\/\/archive.sana.sy\/tr\/wp-content\/uploads\/2018\/04\/01-22-300x173.jpg 300w, https:\/\/archive.sana.sy\/tr\/wp-content\/uploads\/2018\/04\/01-22-150x87.jpg 150w, https:\/\/archive.sana.sy\/tr\/wp-content\/uploads\/2018\/04\/01-22-768x444.jpg 768w, https:\/\/archive.sana.sy\/tr\/wp-content\/uploads\/2018\/04\/01-22-1024x591.jpg 1024w\" sizes=\"auto, (max-width: 300px) 100vw, 300px\" \/><\/a>Cumhurba\u015fkan\u0131 el Esad \u00fclkeler aras\u0131ndaki ili\u015fkilerde parlamenter ili\u015fkilerin sadece politik a\u00e7\u0131s\u0131ndan de\u011fil, halk d\u00fczeyinde ta\u015f\u0131d\u0131\u011f\u0131 \u00f6neme dikkat \u00e7ekti.<\/p>\n<p>\u0130ranl\u0131 heyet ba\u015fkan\u0131 Brojerdi; ABD\u2019nin yan\u0131 s\u0131ra m\u00fcttefikleri ve edatlar\u0131n\u0131n b\u00f6lge ve halklar\u0131na kar\u015f\u0131 projelerinin Suriye&#8217;de \u00e7\u00f6kertildi\u011fini belirtti. Brojerdi ABD ve m\u00fcttefiklerinin son olarak Suriye&#8217;ye bulunduklar\u0131 \u00fc\u00e7l\u00fc sald\u0131r\u0131ya ba\u015far\u0131yla kar\u015f\u0131 koyulmas\u0131n\u0131n Suriye ve direni\u015f ekseninin g\u00fcc\u00fcn\u00fc ortaya koydu\u011funu kaydetti.<\/p>\n<p>\u0130ran\u2019\u0131n Suriye ve halk\u0131na muhtelif t\u00fcr destek ve yard\u0131mlar\u0131n\u0131 s\u00fcrd\u00fcrme kararl\u0131l\u0131\u011f\u0131na vurgu yapan Brojerdi; Suriye&#8217;nin ulusal egemenli\u011fi ve toprak b\u00fct\u00fcnl\u00fc\u011f\u00fcn\u00fc koruyup kendi gelece\u011fini kendi elerliyle yap\u0131land\u0131rma hakk\u0131n\u0131n \u00f6nemine vurgu yapt\u0131.<\/p>\n<p>Ayn\u0131 \u00e7er\u00e7eve alt\u0131nda Ba\u015fbakan Yard\u0131mc\u0131s\u0131 D\u0131\u015fi\u015fleri ve Gurbet\u00e7iler Bakan\u0131 Velid Muallim Brojerdi ve ona e\u015flik eden heyet ile bir araya geldi.<\/p>\n<p>Toplant\u0131da ikili ili\u015fkilere ilaveten b\u00f6lge ve uluslar aras\u0131 g\u00fcndem masaya yat\u0131r\u0131l\u0131rken; ABD, \u0130ngiltere ve Fransa\u2019n\u0131n Suriye&#8217;ye bulundu\u011fu sald\u0131r\u0131lara ek olarak \u0130srail\u2019in Suriye&#8217;ye tekrarlanan sald\u0131r\u0131lar\u0131 g\u00f6r\u00fc\u015f\u00fcld\u00fc.<\/p>\n","protected":false},"excerpt":{"rendered":"<p>\u015eAM \u2013 Cumhurba\u015fkan\u0131 Be\u015f\u015far el Esad \u0130ran \u015eura Meclisinde Mili G\u00fcvenlik ve D\u0131\u015f Politika Komitesi Ba\u015fkan\u0131 Alauddin Brojerdi ve Suriye ziyaretinde ona e\u015flik eden heyeti kabul etti. Suriye&#8217;de son durum ve geli\u015fmelerin yan\u0131 s\u0131ra ter\u00f6r ve destek\u00e7ilerine kar\u015f\u0131 sa\u011flanan zaferlerin ele al\u0131nd\u0131\u011f\u0131 g\u00f6r\u00fc\u015fmede; iki \u00fclke parlamentolar\u0131 aras\u0131ndaki ili\u015fkiler dahil ikili ili\u015fkileri muhtelif alanlarda geli\u015ftirmede Suriye &hellip;<\/p>\n","protected":false},"author":1,"featured_media":147600,"comment_status":"closed","ping_status":"closed","sticky":false,"template":"","format":"standard","meta":{"footnotes":""},"categories":[608,479,605,17988,478],"tags":[22931,19968,20113,36036,16591,24122,24119,20976,22181],"class_list":["post-147593","post","type-post","status-publish","format-standard","has-post-thumbnail","","category-etkinlikler","category-haberler-yerel","category-sayin-cumhurbaskani","category-son-haberler","category-yerel","tag-alauddin-brojerdi","tag-bessar-esad","tag-esad","tag-parlamenter-iliskiler","tag-suriye","tag-suriye-cumhurbaskani","tag-suriye-lideri","tag-suriye-ve-iran","tag-suriyeliler"],"_links":{"self":[{"href":"https:\/\/archive.sana.sy\/tr\/index.php?rest_route=\/wp\/v2\/posts\/147593","targetHints":{"allow":["GET"]}}],"collection":[{"href":"https:\/\/archive.sana.sy\/tr\/index.php?rest_route=\/wp\/v2\/posts"}],"about":[{"href":"https:\/\/archive.sana.sy\/tr\/index.php?rest_route=\/wp\/v2\/types\/post"}],"author":[{"embeddable":true,"href":"https:\/\/archive.sana.sy\/tr\/index.php?rest_route=\/wp\/v2\/users\/1"}],"replies":[{"embeddable":true,"href":"https:\/\/archive.sana.sy\/tr\/index.php?rest_route=%2Fwp%2Fv2%2Fcomments&post=147593"}],"version-history":[{"count":0,"href":"https:\/\/archive.sana.sy\/tr\/index.php?rest_route=\/wp\/v2\/posts\/147593\/revisions"}],"wp:featuredmedia":[{"embeddable":true,"href":"https:\/\/archive.sana.sy\/tr\/index.php?rest_route=\/wp\/v2\/media\/147600"}],"wp:attachment":[{"href":"https:\/\/archive.sana.sy\/tr\/index.php?rest_route=%2Fwp%2Fv2%2Fmedia&parent=147593"}],"wp:term":[{"taxonomy":"category","embeddable":true,"href":"https:\/\/archive.sana.sy\/tr\/index.php?rest_route=%2Fwp%2Fv2%2Fcategories&post=147593"},{"taxonomy":"post_tag","embeddable":true,"href":"https:\/\/archive.sana.sy\/tr\/index.php?rest_route=%2Fwp%2Fv2%2Ftags&post=147593"}],"curies":[{"name":"wp","href":"https:\/\/api.w.org\/{rel}","templated":true}]}}