{"id":147599,"date":"2018-04-30T09:54:23","date_gmt":"2018-04-30T06:54:23","guid":{"rendered":"https:\/\/www.sana.sy\/tr\/?p=147599"},"modified":"2018-05-01T12:31:46","modified_gmt":"2018-05-01T09:31:46","slug":"uzlasmanin-hayata-gecirilmesi-icin-iki-bolgede-es-zamanli-icraatlar-baslatildi","status":"publish","type":"post","link":"https:\/\/archive.sana.sy\/tr\/?p=147599","title":{"rendered":"Uzla\u015fman\u0131n Hayata Ge\u00e7irilmesi \u0130\u00e7in \u0130ki B\u00f6lgede E\u015f Zamanl\u0131 \u0130craatlar Ba\u015flat\u0131ld\u0131"},"content":{"rendered":"<p>\u015eAM \u2013 Ba\u015fkent \u015eam\u2019\u0131n g\u00fcney kenarlar\u0131 Yerm\u00fck B\u00f6lgesindeki ter\u00f6ristlerin aileleriyle birlikte \u0130dlib\u2019e aktar\u0131lmalar\u0131 mukabilinde \u0130dlib k\u0131rsal\u0131 Kefrayya ve Fua beldelerinde ku\u015fatma alt\u0131nda bulunan vatanda\u015flar\u0131n yan\u0131 s\u0131ra daha \u00f6nce I\u015ftabrak Beldesinden ka\u00e7\u0131r\u0131lan vatanda\u015flar\u0131n kurtar\u0131lmas\u0131n\u0131 \u00f6ng\u00f6ren uzla\u015fman\u0131n ilk s\u00fcrecini hayata ge\u00e7irme icraatlar\u0131 ba\u015flad\u0131.<\/p>\n<p><a href=\"https:\/\/www.sana.sy\/tr\/wp-content\/uploads\/2018\/04\/1-310.jpg\"><img loading=\"lazy\" decoding=\"async\" class=\"alignright wp-image-147606 size-medium\" src=\"https:\/\/www.sana.sy\/tr\/wp-content\/uploads\/2018\/04\/1-310-300x191.jpg\" alt=\"\" width=\"300\" height=\"191\" srcset=\"https:\/\/archive.sana.sy\/tr\/wp-content\/uploads\/2018\/04\/1-310-300x191.jpg 300w, https:\/\/archive.sana.sy\/tr\/wp-content\/uploads\/2018\/04\/1-310-150x95.jpg 150w, https:\/\/archive.sana.sy\/tr\/wp-content\/uploads\/2018\/04\/1-310-768x488.jpg 768w, https:\/\/archive.sana.sy\/tr\/wp-content\/uploads\/2018\/04\/1-310-1024x651.jpg 1024w, https:\/\/archive.sana.sy\/tr\/wp-content\/uploads\/2018\/04\/1-310.jpg 1200w\" sizes=\"auto, (max-width: 300px) 100vw, 300px\" \/><\/a>SANA\u2019n\u0131n sava\u015f muhabiri Halep\u2019ten bug\u00fcn erken saatlerde 22 otob\u00fcs\u00fcn \u0130dlib k\u0131rsal\u0131n\u0131n kuzeyi Fua ve Kefrayya beldelerinde y\u0131llard\u0131r ku\u015fatma ve ter\u00f6r sald\u0131r\u0131lar\u0131na maruz kalan vatanda\u015flar\u0131n ilk b\u00f6l\u00fcm\u00fcn\u00fc tahliye emek i\u00e7in harekete ge\u00e7tiklerini belirtti. Muhabir otob\u00fcslerin K\u0131z\u0131lay \u00d6rg\u00fct\u00fcne ait ambulans ara\u00e7lar\u0131 e\u015fli\u011finde hareket ettiklerini s\u00f6yledi.<\/p>\n<p>Otob\u00fcslerin Fua ve Kefrayya\u2019da ter\u00f6r ku\u015fatmas\u0131 ve sald\u0131r\u0131lar\u0131 alt\u0131nda ya\u015fam m\u00fccadelesi veren 5 binden fazla vatanda\u015ftan 1500 vatanda\u015f\u0131 tahliye etmeleri beklendi\u011fini a\u00e7\u0131klayan muhabir; bu vatanda\u015flar\u0131n ilgili devlet kurumlar\u0131n\u0131n daha \u00f6nceden Halep Kentinin do\u011fu kenarlar\u0131nda haz\u0131rlad\u0131klar\u0131 ge\u00e7ici ikamet merkezlerine aktar\u0131lacaklar\u0131n\u0131 kaydetti.<\/p>\n<p><a href=\"https:\/\/www.sana.sy\/tr\/wp-content\/uploads\/2018\/04\/3-112.jpg\"><img loading=\"lazy\" decoding=\"async\" class=\"alignright wp-image-147605 size-medium\" src=\"https:\/\/www.sana.sy\/tr\/wp-content\/uploads\/2018\/04\/3-112-300x190.jpg\" alt=\"\" width=\"300\" height=\"190\" srcset=\"https:\/\/archive.sana.sy\/tr\/wp-content\/uploads\/2018\/04\/3-112-300x190.jpg 300w, https:\/\/archive.sana.sy\/tr\/wp-content\/uploads\/2018\/04\/3-112-150x95.jpg 150w, https:\/\/archive.sana.sy\/tr\/wp-content\/uploads\/2018\/04\/3-112-768x486.jpg 768w, https:\/\/archive.sana.sy\/tr\/wp-content\/uploads\/2018\/04\/3-112-1024x649.jpg 1024w, https:\/\/archive.sana.sy\/tr\/wp-content\/uploads\/2018\/04\/3-112.jpg 1200w\" sizes=\"auto, (max-width: 300px) 100vw, 300px\" \/><\/a>Sava\u015f muhabiri Fua ve Kefrayya\u2019dan ter\u00f6r ma\u011fduru sivilleri tahliye eden otob\u00fcslerin Eys Ge\u00e7idinden Halep\u2019e ge\u00e7melerine e\u015f zamanl\u0131 olarak \u015eam\u2019\u0131n g\u00fcney kenarlar\u0131 Yerm\u00fck B\u00f6lgesinden ter\u00f6rist ve ailelerini ta\u015f\u0131yan otob\u00fcslerin de \u0130dlib\u2019e hareket edeceklerini belirtti.<\/p>\n<p>Di\u011fer yandan SANA\u2019n\u0131n sava\u015f muhabiri ordu birliklerimizin sabah\u0131n erken saatlerinden beri \u015eam\u2019\u0131n g\u00fcney kenarlar\u0131ndaki ter\u00f6ristlerin \u00e7\u0131kacaklar\u0131 ge\u00e7itleri a\u00e7ma ve temizleme \u00e7al\u0131\u015fmalar\u0131 ba\u015flatt\u0131klar\u0131n\u0131 belirtti. Muhabir ordu birliklerimizin ge\u00e7it \u00fczerinde bulunan toprak barikatlar\u0131 ve patlay\u0131c\u0131 d\u00fczeneklerini de kald\u0131rd\u0131klar\u0131n\u0131 ifade etti.<\/p>\n<p>Yerm\u00fck\u2019teki ter\u00f6ristler ve ailelerinin ilk b\u00f6l\u00fcm\u00fcn\u00fc \u0130dlib\u2019e aktaracak otob\u00fcslerin Yerm\u00fck B\u00f6lgesi kenarlar\u0131ndaki Battiha Meydan\u0131nda topland\u0131klar\u0131n\u0131 ifade eden muhabir; ter\u00f6ristlerin t\u00fcm orta ve a\u011f\u0131r silahlar\u0131n\u0131 teslim edip s\u0131k\u0131 bir aramadan ge\u00e7meleri ard\u0131ndan toplu halde \u0130dlib\u2019e g\u00f6nderileceklerini a\u00e7\u0131klad\u0131.<\/p>\n<div id='gallery-1' class='gallery galleryid-147599 gallery-columns-1 gallery-size-large'><figure class='gallery-item'>\n\t\t\t<div class='gallery-icon landscape'>\n\t\t\t\t<a href='https:\/\/archive.sana.sy\/tr\/wp-content\/uploads\/2018\/04\/1-310.jpg'><img loading=\"lazy\" decoding=\"async\" width=\"618\" height=\"393\" src=\"https:\/\/archive.sana.sy\/tr\/wp-content\/uploads\/2018\/04\/1-310-1024x651.jpg\" class=\"attachment-large size-large\" alt=\"\" srcset=\"https:\/\/archive.sana.sy\/tr\/wp-content\/uploads\/2018\/04\/1-310-1024x651.jpg 1024w, https:\/\/archive.sana.sy\/tr\/wp-content\/uploads\/2018\/04\/1-310-150x95.jpg 150w, https:\/\/archive.sana.sy\/tr\/wp-content\/uploads\/2018\/04\/1-310-300x191.jpg 300w, https:\/\/archive.sana.sy\/tr\/wp-content\/uploads\/2018\/04\/1-310-768x488.jpg 768w, https:\/\/archive.sana.sy\/tr\/wp-content\/uploads\/2018\/04\/1-310.jpg 1200w\" sizes=\"auto, (max-width: 618px) 100vw, 618px\" \/><\/a>\n\t\t\t<\/div><\/figure><figure class='gallery-item'>\n\t\t\t<div class='gallery-icon landscape'>\n\t\t\t\t<a href='https:\/\/archive.sana.sy\/tr\/wp-content\/uploads\/2018\/04\/5-52.jpg'><img loading=\"lazy\" decoding=\"async\" width=\"618\" height=\"398\" src=\"https:\/\/archive.sana.sy\/tr\/wp-content\/uploads\/2018\/04\/5-52-1024x660.jpg\" class=\"attachment-large size-large\" alt=\"\" srcset=\"https:\/\/archive.sana.sy\/tr\/wp-content\/uploads\/2018\/04\/5-52-1024x660.jpg 1024w, https:\/\/archive.sana.sy\/tr\/wp-content\/uploads\/2018\/04\/5-52-150x97.jpg 150w, https:\/\/archive.sana.sy\/tr\/wp-content\/uploads\/2018\/04\/5-52-300x193.jpg 300w, https:\/\/archive.sana.sy\/tr\/wp-content\/uploads\/2018\/04\/5-52-768x495.jpg 768w, https:\/\/archive.sana.sy\/tr\/wp-content\/uploads\/2018\/04\/5-52.jpg 1200w\" sizes=\"auto, (max-width: 618px) 100vw, 618px\" \/><\/a>\n\t\t\t<\/div><\/figure><figure class='gallery-item'>\n\t\t\t<div class='gallery-icon landscape'>\n\t\t\t\t<a href='https:\/\/archive.sana.sy\/tr\/wp-content\/uploads\/2018\/04\/1-311.jpg'><img loading=\"lazy\" decoding=\"async\" width=\"618\" height=\"343\" src=\"https:\/\/archive.sana.sy\/tr\/wp-content\/uploads\/2018\/04\/1-311-1024x568.jpg\" class=\"attachment-large size-large\" alt=\"\" srcset=\"https:\/\/archive.sana.sy\/tr\/wp-content\/uploads\/2018\/04\/1-311-1024x568.jpg 1024w, https:\/\/archive.sana.sy\/tr\/wp-content\/uploads\/2018\/04\/1-311-150x83.jpg 150w, https:\/\/archive.sana.sy\/tr\/wp-content\/uploads\/2018\/04\/1-311-300x167.jpg 300w, https:\/\/archive.sana.sy\/tr\/wp-content\/uploads\/2018\/04\/1-311-768x426.jpg 768w, https:\/\/archive.sana.sy\/tr\/wp-content\/uploads\/2018\/04\/1-311.jpg 1200w\" sizes=\"auto, (max-width: 618px) 100vw, 618px\" \/><\/a>\n\t\t\t<\/div><\/figure><figure class='gallery-item'>\n\t\t\t<div class='gallery-icon landscape'>\n\t\t\t\t<a href='https:\/\/archive.sana.sy\/tr\/wp-content\/uploads\/2018\/04\/2-139.jpg'><img loading=\"lazy\" decoding=\"async\" width=\"618\" height=\"348\" src=\"https:\/\/archive.sana.sy\/tr\/wp-content\/uploads\/2018\/04\/2-139-1024x576.jpg\" class=\"attachment-large size-large\" alt=\"\" srcset=\"https:\/\/archive.sana.sy\/tr\/wp-content\/uploads\/2018\/04\/2-139-1024x576.jpg 1024w, https:\/\/archive.sana.sy\/tr\/wp-content\/uploads\/2018\/04\/2-139-150x84.jpg 150w, https:\/\/archive.sana.sy\/tr\/wp-content\/uploads\/2018\/04\/2-139-300x169.jpg 300w, https:\/\/archive.sana.sy\/tr\/wp-content\/uploads\/2018\/04\/2-139-768x432.jpg 768w, https:\/\/archive.sana.sy\/tr\/wp-content\/uploads\/2018\/04\/2-139.jpg 1200w\" sizes=\"auto, (max-width: 618px) 100vw, 618px\" \/><\/a>\n\t\t\t<\/div><\/figure><figure class='gallery-item'>\n\t\t\t<div class='gallery-icon landscape'>\n\t\t\t\t<a href='https:\/\/archive.sana.sy\/tr\/wp-content\/uploads\/2018\/04\/3-113.jpg'><img loading=\"lazy\" decoding=\"async\" width=\"618\" height=\"409\" src=\"https:\/\/archive.sana.sy\/tr\/wp-content\/uploads\/2018\/04\/3-113-1024x677.jpg\" class=\"attachment-large size-large\" alt=\"\" srcset=\"https:\/\/archive.sana.sy\/tr\/wp-content\/uploads\/2018\/04\/3-113-1024x677.jpg 1024w, https:\/\/archive.sana.sy\/tr\/wp-content\/uploads\/2018\/04\/3-113-150x99.jpg 150w, https:\/\/archive.sana.sy\/tr\/wp-content\/uploads\/2018\/04\/3-113-300x198.jpg 300w, https:\/\/archive.sana.sy\/tr\/wp-content\/uploads\/2018\/04\/3-113-768x508.jpg 768w, https:\/\/archive.sana.sy\/tr\/wp-content\/uploads\/2018\/04\/3-113-310x205.jpg 310w, https:\/\/archive.sana.sy\/tr\/wp-content\/uploads\/2018\/04\/3-113.jpg 1200w\" sizes=\"auto, (max-width: 618px) 100vw, 618px\" \/><\/a>\n\t\t\t<\/div><\/figure><figure class='gallery-item'>\n\t\t\t<div class='gallery-icon landscape'>\n\t\t\t\t<a href='https:\/\/archive.sana.sy\/tr\/wp-content\/uploads\/2018\/04\/4-68.jpg'><img loading=\"lazy\" decoding=\"async\" width=\"618\" height=\"413\" src=\"https:\/\/archive.sana.sy\/tr\/wp-content\/uploads\/2018\/04\/4-68-1024x685.jpg\" class=\"attachment-large size-large\" alt=\"\" srcset=\"https:\/\/archive.sana.sy\/tr\/wp-content\/uploads\/2018\/04\/4-68-1024x685.jpg 1024w, https:\/\/archive.sana.sy\/tr\/wp-content\/uploads\/2018\/04\/4-68-150x100.jpg 150w, https:\/\/archive.sana.sy\/tr\/wp-content\/uploads\/2018\/04\/4-68-300x201.jpg 300w, https:\/\/archive.sana.sy\/tr\/wp-content\/uploads\/2018\/04\/4-68-768x514.jpg 768w, https:\/\/archive.sana.sy\/tr\/wp-content\/uploads\/2018\/04\/4-68-110x75.jpg 110w, https:\/\/archive.sana.sy\/tr\/wp-content\/uploads\/2018\/04\/4-68.jpg 1200w\" sizes=\"auto, (max-width: 618px) 100vw, 618px\" \/><\/a>\n\t\t\t<\/div><\/figure>\n\t\t<\/div>\n\n","protected":false},"excerpt":{"rendered":"<p>\u015eAM \u2013 Ba\u015fkent \u015eam\u2019\u0131n g\u00fcney kenarlar\u0131 Yerm\u00fck B\u00f6lgesindeki ter\u00f6ristlerin aileleriyle birlikte \u0130dlib\u2019e aktar\u0131lmalar\u0131 mukabilinde \u0130dlib k\u0131rsal\u0131 Kefrayya ve Fua beldelerinde ku\u015fatma alt\u0131nda bulunan vatanda\u015flar\u0131n yan\u0131 s\u0131ra daha \u00f6nce I\u015ftabrak Beldesinden ka\u00e7\u0131r\u0131lan vatanda\u015flar\u0131n kurtar\u0131lmas\u0131n\u0131 \u00f6ng\u00f6ren uzla\u015fman\u0131n ilk s\u00fcrecini hayata ge\u00e7irme icraatlar\u0131 ba\u015flad\u0131. SANA\u2019n\u0131n sava\u015f muhabiri Halep\u2019ten bug\u00fcn erken saatlerde 22 otob\u00fcs\u00fcn \u0130dlib k\u0131rsal\u0131n\u0131n kuzeyi Fua ve &hellip;<\/p>\n","protected":false},"author":1,"featured_media":147613,"comment_status":"closed","ping_status":"closed","sticky":false,"template":"","format":"standard","meta":{"footnotes":""},"categories":[596,479,575,17988,478],"tags":[1294,2755,2297,35790,18674,16591,11549,19034,22181],"class_list":["post-147599","post","type-post","status-publish","format-standard","has-post-thumbnail","","category-fotografli-raporlar","category-haberler-yerel","category-olaylar-ve-gercekler","category-son-haberler","category-yerel","tag-idlib","tag-sam","tag-sam-kirsali","tag-silah-teslimi","tag-silahli-muhalifler","tag-suriye","tag-suriye-ordusu","tag-suriyeli-muhalifler","tag-suriyeliler"],"_links":{"self":[{"href":"https:\/\/archive.sana.sy\/tr\/index.php?rest_route=\/wp\/v2\/posts\/147599","targetHints":{"allow":["GET"]}}],"collection":[{"href":"https:\/\/archive.sana.sy\/tr\/index.php?rest_route=\/wp\/v2\/posts"}],"about":[{"href":"https:\/\/archive.sana.sy\/tr\/index.php?rest_route=\/wp\/v2\/types\/post"}],"author":[{"embeddable":true,"href":"https:\/\/archive.sana.sy\/tr\/index.php?rest_route=\/wp\/v2\/users\/1"}],"replies":[{"embeddable":true,"href":"https:\/\/archive.sana.sy\/tr\/index.php?rest_route=%2Fwp%2Fv2%2Fcomments&post=147599"}],"version-history":[{"count":0,"href":"https:\/\/archive.sana.sy\/tr\/index.php?rest_route=\/wp\/v2\/posts\/147599\/revisions"}],"wp:featuredmedia":[{"embeddable":true,"href":"https:\/\/archive.sana.sy\/tr\/index.php?rest_route=\/wp\/v2\/media\/147613"}],"wp:attachment":[{"href":"https:\/\/archive.sana.sy\/tr\/index.php?rest_route=%2Fwp%2Fv2%2Fmedia&parent=147599"}],"wp:term":[{"taxonomy":"category","embeddable":true,"href":"https:\/\/archive.sana.sy\/tr\/index.php?rest_route=%2Fwp%2Fv2%2Fcategories&post=147599"},{"taxonomy":"post_tag","embeddable":true,"href":"https:\/\/archive.sana.sy\/tr\/index.php?rest_route=%2Fwp%2Fv2%2Ftags&post=147599"}],"curies":[{"name":"wp","href":"https:\/\/api.w.org\/{rel}","templated":true}]}}