{"id":147615,"date":"2018-04-30T14:12:08","date_gmt":"2018-04-30T11:12:08","guid":{"rendered":"https:\/\/www.sana.sy\/tr\/?p=147615"},"modified":"2018-05-01T12:32:09","modified_gmt":"2018-05-01T09:32:09","slug":"yermukte-teroristleri-idlibe-aktarma-icraatlarina-es-zamanli-olarak-hacer-el-esvedte-operasyonlar-devam-ediyor","status":"publish","type":"post","link":"https:\/\/archive.sana.sy\/tr\/?p=147615","title":{"rendered":"Yerm\u00fck\u2019te Ter\u00f6ristleri \u0130dlib\u2019e Aktarma \u0130craatlar\u0131na E\u015f Zamanl\u0131 Olarak Hacer el Esved\u2019te Operasyonlar Devam Ediyor"},"content":{"rendered":"<p>\u015eAM KIRSALI \u2013 Hava g\u00fc\u00e7lerimiz bug\u00fcn ba\u015fkent \u015eam\u2019\u0131n g\u00fcney kenarlar\u0131 Hacer el Esved B\u00f6lgesinde radikal ter\u00f6ristlerin mevki, hareket ve karargahlar\u0131n\u0131 yo\u011fun ate\u015fe tuttu.<\/p>\n<p>SANA\u2019n\u0131n sava\u015f muhabiri hava g\u00fc\u00e7lerimiz ve top\u00e7u birliklerimizin e\u015fli\u011finde y\u00fcr\u00fct\u00fclen operasyonlarda ordu birliklerimizin \u015eam\u2019\u0131n g\u00fcney kenarlar\u0131 Hacer el Esved B\u00f6lgesinde \u00f6nemli ilerlemeler kaydettiklerini belirtti. Muhabir operasyonlarda ter\u00f6ristlerin yine b\u00fcy\u00fck kay\u0131plara u\u011frat\u0131ld\u0131klar\u0131na dikkat \u00e7ekti.<\/p>\n<p>Yerm\u00fck\u2019te silah b\u0131rakmay\u0131 reddeden ter\u00f6ristlerin aileleriyle birlikte \u0130dlib\u2019e aktar\u0131lmalar\u0131 i\u00e7in ba\u015flat\u0131lan icraatlar\u0131n ba\u015flat\u0131ld\u0131\u011f\u0131n\u0131 belirten muhabir; buna e\u015f zamanl\u0131 olarak bir Hacer el Esved\u2019te operasyonlar\u0131n devam etti\u011fini kaydetti.<\/p>\n","protected":false},"excerpt":{"rendered":"<p>\u015eAM KIRSALI \u2013 Hava g\u00fc\u00e7lerimiz bug\u00fcn ba\u015fkent \u015eam\u2019\u0131n g\u00fcney kenarlar\u0131 Hacer el Esved B\u00f6lgesinde radikal ter\u00f6ristlerin mevki, hareket ve karargahlar\u0131n\u0131 yo\u011fun ate\u015fe tuttu. SANA\u2019n\u0131n sava\u015f muhabiri hava g\u00fc\u00e7lerimiz ve top\u00e7u birliklerimizin e\u015fli\u011finde y\u00fcr\u00fct\u00fclen operasyonlarda ordu birliklerimizin \u015eam\u2019\u0131n g\u00fcney kenarlar\u0131 Hacer el Esved B\u00f6lgesinde \u00f6nemli ilerlemeler kaydettiklerini belirtti. Muhabir operasyonlarda ter\u00f6ristlerin yine b\u00fcy\u00fck kay\u0131plara u\u011frat\u0131ld\u0131klar\u0131na dikkat &hellip;<\/p>\n","protected":false},"author":1,"featured_media":147616,"comment_status":"closed","ping_status":"closed","sticky":false,"template":"","format":"standard","meta":{"footnotes":""},"categories":[479,575,17988,478],"tags":[2755,16591,11549,19034,22181,4076,29596],"class_list":["post-147615","post","type-post","status-publish","format-standard","has-post-thumbnail","","category-haberler-yerel","category-olaylar-ve-gercekler","category-son-haberler","category-yerel","tag-sam","tag-suriye","tag-suriye-ordusu","tag-suriyeli-muhalifler","tag-suriyeliler","tag-terorle-mucadele","tag-yermuk"],"_links":{"self":[{"href":"https:\/\/archive.sana.sy\/tr\/index.php?rest_route=\/wp\/v2\/posts\/147615","targetHints":{"allow":["GET"]}}],"collection":[{"href":"https:\/\/archive.sana.sy\/tr\/index.php?rest_route=\/wp\/v2\/posts"}],"about":[{"href":"https:\/\/archive.sana.sy\/tr\/index.php?rest_route=\/wp\/v2\/types\/post"}],"author":[{"embeddable":true,"href":"https:\/\/archive.sana.sy\/tr\/index.php?rest_route=\/wp\/v2\/users\/1"}],"replies":[{"embeddable":true,"href":"https:\/\/archive.sana.sy\/tr\/index.php?rest_route=%2Fwp%2Fv2%2Fcomments&post=147615"}],"version-history":[{"count":0,"href":"https:\/\/archive.sana.sy\/tr\/index.php?rest_route=\/wp\/v2\/posts\/147615\/revisions"}],"wp:featuredmedia":[{"embeddable":true,"href":"https:\/\/archive.sana.sy\/tr\/index.php?rest_route=\/wp\/v2\/media\/147616"}],"wp:attachment":[{"href":"https:\/\/archive.sana.sy\/tr\/index.php?rest_route=%2Fwp%2Fv2%2Fmedia&parent=147615"}],"wp:term":[{"taxonomy":"category","embeddable":true,"href":"https:\/\/archive.sana.sy\/tr\/index.php?rest_route=%2Fwp%2Fv2%2Fcategories&post=147615"},{"taxonomy":"post_tag","embeddable":true,"href":"https:\/\/archive.sana.sy\/tr\/index.php?rest_route=%2Fwp%2Fv2%2Ftags&post=147615"}],"curies":[{"name":"wp","href":"https:\/\/api.w.org\/{rel}","templated":true}]}}