{"id":14769,"date":"2014-11-06T08:15:31","date_gmt":"2014-11-06T06:15:31","guid":{"rendered":"http:\/\/www.sana.sy\/tr\/?p=14769"},"modified":"2014-11-06T14:36:34","modified_gmt":"2014-11-06T12:36:34","slug":"teror-olaylarina-karismis-316-kisi-vatanin-sefkatli-kucagina-dondu","status":"publish","type":"post","link":"https:\/\/archive.sana.sy\/tr\/?p=14769","title":{"rendered":"Ter\u00f6r Olaylar\u0131na Kar\u0131\u015fm\u0131\u015f 316 Ki\u015fi Vatan\u0131n \u015eefkatli Kuca\u011f\u0131na D\u00f6nd\u00fc"},"content":{"rendered":"<p>HALEP \u2013 Halep ilinde silahl\u0131 ter\u00f6r faaliyetlerine kat\u0131lmalar\u0131 nedeniyle isimleri arananlar listesinde ge\u00e7en 158 ki\u015fi d\u00fcn\u00a0ilgili g\u00fcvenlik kurumlar\u0131na silahlar\u0131yla birlikte teslim olarak Genel Af ve Pi\u015fmanl\u0131k yasas\u0131ndan faydalanmak istediklerini ibraz ettiler.<\/p>\n<p>Teslim olduklar\u0131 kurumlarda bundan sonra vatan\u0131n g\u00fcvenli\u011fini tehlikeye sokacak herhangi bir faaliyette bulunmayacaklar\u0131n\u0131 taahh\u00fct eden 158 ki\u015finin hukuki durumlar\u0131 Genel Af ve Pi\u015fmanl\u0131k yasas\u0131 kapsam\u0131nda d\u00fczenlenerek serbest b\u0131rak\u0131ld\u0131lar.<\/p>\n<p>Arap Sosyalist Baas Partisi Merkezi Y\u00f6netim Kurulu \u00dcyesi Abd\u00fclmuti Me\u015fleb; Suriye\u2019nin b\u00fct\u00fcn evlatlar\u0131na kucak a\u00e7maya haz\u0131r oldu\u011funu dile getirerek; vatanda\u015fl\u0131k k\u00fclt\u00fcr\u00fcn\u00fcn yayg\u0131nla\u015ft\u0131r\u0131lmas\u0131 ve tekfirci-karanl\u0131k fikirlere kar\u015f\u0131 bilin\u00e7 silah\u0131n\u0131 ku\u015fanma gere\u011fini vurgulad\u0131.<\/p>\n<p>\u00d6te yandan konuyla ilgili a\u00e7\u0131klama yapan Halep Valisi Muhammed Mervan Ulbi; Halep sakinlerinin vatanseverlikleri nedeniyle hedef al\u0131nd\u0131klar\u0131na i\u015faret ederek ter\u00f6re kar\u015f\u0131 kazan\u0131lacak \u015fanl\u0131 zaferin yak\u0131n oldu\u011funu belirtti.<\/p>\n<p>Bu arada\u00a0\u0130dlib Valili\u011finde bir kaynak aralar\u0131nda silahl\u0131lar\u0131n bulundu\u011fu 158 kanun ka\u00e7a\u011f\u0131n\u0131n silahlar\u0131yla birlikte ilgili kurumlara teslim olmalar\u0131 ard\u0131ndan bug\u00fcn kanuni durumlar\u0131 yeniden d\u00fczenlenerek serbest b\u0131rak\u0131ld\u0131klar\u0131n\u0131 belirtti.<\/p>\n<p>Serbest b\u0131rak\u0131lanlar genel af yasas\u0131ndan faydalanma ve vatan kuca\u011f\u0131na d\u00f6n\u00fcp ailelerine ve normal ya\u015famlar\u0131na yeniden kavu\u015fman\u0131n sevincini ifade etti.<\/p>\n<div id='gallery-1' class='gallery galleryid-14769 gallery-columns-2 gallery-size-thumbnail'><figure class='gallery-item'>\n\t\t\t<div class='gallery-icon landscape'>\n\t\t\t\t<a href='https:\/\/archive.sana.sy\/tr\/wp-content\/uploads\/2014\/11\/teslim-1.jpg'><img loading=\"lazy\" decoding=\"async\" width=\"150\" height=\"79\" src=\"https:\/\/archive.sana.sy\/tr\/wp-content\/uploads\/2014\/11\/teslim-1-150x79.jpg\" class=\"attachment-thumbnail size-thumbnail\" alt=\"\" srcset=\"https:\/\/archive.sana.sy\/tr\/wp-content\/uploads\/2014\/11\/teslim-1-150x79.jpg 150w, https:\/\/archive.sana.sy\/tr\/wp-content\/uploads\/2014\/11\/teslim-1-300x160.jpg 300w, https:\/\/archive.sana.sy\/tr\/wp-content\/uploads\/2014\/11\/teslim-1.jpg 620w\" sizes=\"auto, (max-width: 150px) 100vw, 150px\" \/><\/a>\n\t\t\t<\/div><\/figure><figure class='gallery-item'>\n\t\t\t<div class='gallery-icon landscape'>\n\t\t\t\t<a href='https:\/\/archive.sana.sy\/tr\/wp-content\/uploads\/2014\/11\/teslim-3.jpg'><img loading=\"lazy\" decoding=\"async\" width=\"150\" height=\"79\" src=\"https:\/\/archive.sana.sy\/tr\/wp-content\/uploads\/2014\/11\/teslim-3-150x79.jpg\" class=\"attachment-thumbnail size-thumbnail\" alt=\"\" srcset=\"https:\/\/archive.sana.sy\/tr\/wp-content\/uploads\/2014\/11\/teslim-3-150x79.jpg 150w, https:\/\/archive.sana.sy\/tr\/wp-content\/uploads\/2014\/11\/teslim-3-300x160.jpg 300w, https:\/\/archive.sana.sy\/tr\/wp-content\/uploads\/2014\/11\/teslim-3.jpg 620w\" sizes=\"auto, (max-width: 150px) 100vw, 150px\" \/><\/a>\n\t\t\t<\/div><\/figure>\n\t\t<\/div>\n\n<p>&nbsp;<\/p>\n","protected":false},"excerpt":{"rendered":"<p>HALEP \u2013 Halep ilinde silahl\u0131 ter\u00f6r faaliyetlerine kat\u0131lmalar\u0131 nedeniyle isimleri arananlar listesinde ge\u00e7en 158 ki\u015fi d\u00fcn\u00a0ilgili g\u00fcvenlik kurumlar\u0131na silahlar\u0131yla birlikte teslim olarak Genel Af ve Pi\u015fmanl\u0131k yasas\u0131ndan faydalanmak istediklerini ibraz ettiler. Teslim olduklar\u0131 kurumlarda bundan sonra vatan\u0131n g\u00fcvenli\u011fini tehlikeye sokacak herhangi bir faaliyette bulunmayacaklar\u0131n\u0131 taahh\u00fct eden 158 ki\u015finin hukuki durumlar\u0131 Genel Af ve Pi\u015fmanl\u0131k yasas\u0131 &hellip;<\/p>\n","protected":false},"author":1,"featured_media":14794,"comment_status":"closed","ping_status":"closed","sticky":false,"template":"","format":"standard","meta":{"footnotes":""},"categories":[575],"tags":[5093],"class_list":["post-14769","post","type-post","status-publish","format-standard","has-post-thumbnail","","category-olaylar-ve-gercekler","tag-teror-olaylarina-karismis-316-kisi-vatanin-sefkatli-kucagina-dondu-halep-halep-ilinde-silahli-teror-faaliyetlerine-katilmalari-nedeniyle-isimleri-arananlar-listesinde-gecen-158-kisi-bugun-il"],"_links":{"self":[{"href":"https:\/\/archive.sana.sy\/tr\/index.php?rest_route=\/wp\/v2\/posts\/14769","targetHints":{"allow":["GET"]}}],"collection":[{"href":"https:\/\/archive.sana.sy\/tr\/index.php?rest_route=\/wp\/v2\/posts"}],"about":[{"href":"https:\/\/archive.sana.sy\/tr\/index.php?rest_route=\/wp\/v2\/types\/post"}],"author":[{"embeddable":true,"href":"https:\/\/archive.sana.sy\/tr\/index.php?rest_route=\/wp\/v2\/users\/1"}],"replies":[{"embeddable":true,"href":"https:\/\/archive.sana.sy\/tr\/index.php?rest_route=%2Fwp%2Fv2%2Fcomments&post=14769"}],"version-history":[{"count":0,"href":"https:\/\/archive.sana.sy\/tr\/index.php?rest_route=\/wp\/v2\/posts\/14769\/revisions"}],"wp:featuredmedia":[{"embeddable":true,"href":"https:\/\/archive.sana.sy\/tr\/index.php?rest_route=\/wp\/v2\/media\/14794"}],"wp:attachment":[{"href":"https:\/\/archive.sana.sy\/tr\/index.php?rest_route=%2Fwp%2Fv2%2Fmedia&parent=14769"}],"wp:term":[{"taxonomy":"category","embeddable":true,"href":"https:\/\/archive.sana.sy\/tr\/index.php?rest_route=%2Fwp%2Fv2%2Fcategories&post=14769"},{"taxonomy":"post_tag","embeddable":true,"href":"https:\/\/archive.sana.sy\/tr\/index.php?rest_route=%2Fwp%2Fv2%2Ftags&post=14769"}],"curies":[{"name":"wp","href":"https:\/\/api.w.org\/{rel}","templated":true}]}}