{"id":147794,"date":"2018-05-01T14:40:36","date_gmt":"2018-05-01T11:40:36","guid":{"rendered":"https:\/\/www.sana.sy\/tr\/?p=147794"},"modified":"2018-05-01T14:40:36","modified_gmt":"2018-05-01T11:40:36","slug":"sananin-savas-muhabiri-ordu-birliklerimizin-hava-guclerimiz-ve-topcu-birliklerimizin-destegi-ile-samin-guney-kenarlari-hacer-el-esved-bolgesinde-iside-karsi-operasyonlarini","status":"publish","type":"post","link":"https:\/\/archive.sana.sy\/tr\/?p=147794","title":{"rendered":"SANA\u2019n\u0131n sava\u015f muhabiri ordu birliklerimizin hava g\u00fc\u00e7lerimiz ve top\u00e7u birliklerimizin deste\u011fi ile \u015eam\u2019\u0131n g\u00fcney kenarlar\u0131 Hacer el Esved B\u00f6lgesinde I\u015e\u0130D\u2019e kar\u015f\u0131  operasyonlar\u0131n\u0131 s\u00fcrd\u00fcrerek, bir\u00e7ok eksenden \u00f6nemli ilerlemeler kaydettiklerini belirtti"},"content":{"rendered":"<p>SANA\u2019n\u0131n sava\u015f muhabiri ordu birliklerimizin hava g\u00fc\u00e7lerimiz ve top\u00e7u birliklerimizin deste\u011fi ile \u015eam\u2019\u0131n g\u00fcney kenarlar\u0131 Hacer el Esved B\u00f6lgesinde I\u015e\u0130D\u2019e kar\u015f\u0131 operasyonlar\u0131n\u0131 s\u00fcrd\u00fcrerek, bir\u00e7ok eksenden \u00f6nemli ilerlemeler kaydettiklerini belirtti<\/p>\n","protected":false},"excerpt":{"rendered":"<p>SANA\u2019n\u0131n sava\u015f muhabiri ordu birliklerimizin hava g\u00fc\u00e7lerimiz ve top\u00e7u birliklerimizin deste\u011fi ile \u015eam\u2019\u0131n g\u00fcney kenarlar\u0131 Hacer el Esved B\u00f6lgesinde I\u015e\u0130D\u2019e kar\u015f\u0131 operasyonlar\u0131n\u0131 s\u00fcrd\u00fcrerek, bir\u00e7ok eksenden \u00f6nemli ilerlemeler kaydettiklerini belirtti<\/p>\n","protected":false},"author":1,"featured_media":0,"comment_status":"closed","ping_status":"closed","sticky":false,"template":"","format":"standard","meta":{"footnotes":""},"categories":[17991],"tags":[],"class_list":["post-147794","post","type-post","status-publish","format-standard","","category-son-dakika"],"_links":{"self":[{"href":"https:\/\/archive.sana.sy\/tr\/index.php?rest_route=\/wp\/v2\/posts\/147794","targetHints":{"allow":["GET"]}}],"collection":[{"href":"https:\/\/archive.sana.sy\/tr\/index.php?rest_route=\/wp\/v2\/posts"}],"about":[{"href":"https:\/\/archive.sana.sy\/tr\/index.php?rest_route=\/wp\/v2\/types\/post"}],"author":[{"embeddable":true,"href":"https:\/\/archive.sana.sy\/tr\/index.php?rest_route=\/wp\/v2\/users\/1"}],"replies":[{"embeddable":true,"href":"https:\/\/archive.sana.sy\/tr\/index.php?rest_route=%2Fwp%2Fv2%2Fcomments&post=147794"}],"version-history":[{"count":0,"href":"https:\/\/archive.sana.sy\/tr\/index.php?rest_route=\/wp\/v2\/posts\/147794\/revisions"}],"wp:attachment":[{"href":"https:\/\/archive.sana.sy\/tr\/index.php?rest_route=%2Fwp%2Fv2%2Fmedia&parent=147794"}],"wp:term":[{"taxonomy":"category","embeddable":true,"href":"https:\/\/archive.sana.sy\/tr\/index.php?rest_route=%2Fwp%2Fv2%2Fcategories&post=147794"},{"taxonomy":"post_tag","embeddable":true,"href":"https:\/\/archive.sana.sy\/tr\/index.php?rest_route=%2Fwp%2Fv2%2Ftags&post=147794"}],"curies":[{"name":"wp","href":"https:\/\/api.w.org\/{rel}","templated":true}]}}