{"id":147815,"date":"2018-05-01T15:08:38","date_gmt":"2018-05-01T12:08:38","guid":{"rendered":"https:\/\/www.sana.sy\/tr\/?p=147815"},"modified":"2018-05-01T15:08:38","modified_gmt":"2018-05-01T12:08:38","slug":"suriye-iscileri-1-mayis-isci-gununde-ulusal-duyarlilik-ve-sorumlulukla-suriyenin-gelecegini-yapilandirma-azimlerini-bir-kez-daha-vurguladi","status":"publish","type":"post","link":"https:\/\/archive.sana.sy\/tr\/?p=147815","title":{"rendered":"Suriye i\u015f\u00e7ileri 1 May\u0131s \u0130\u015f\u00e7i G\u00fcn\u00fcnde ulusal duyarl\u0131l\u0131k ve sorumlulukla Suriye&#8217;nin gelece\u011fini yap\u0131land\u0131rma azimlerini bir kez daha vurgulad\u0131"},"content":{"rendered":"<p>Suriye i\u015f\u00e7ileri 1 May\u0131s \u0130\u015f\u00e7i G\u00fcn\u00fcnde ulusal duyarl\u0131l\u0131k ve sorumlulukla Suriye&#8217;nin gelece\u011fini yap\u0131land\u0131rma azimlerini bir kez daha vurgulad\u0131<\/p>\n<p>https:\/\/www.youtube.com\/watch?v=-ZfL-PfGsx8<\/p>\n","protected":false},"excerpt":{"rendered":"<p>Suriye i\u015f\u00e7ileri 1 May\u0131s \u0130\u015f\u00e7i G\u00fcn\u00fcnde ulusal duyarl\u0131l\u0131k ve sorumlulukla Suriye&#8217;nin gelece\u011fini yap\u0131land\u0131rma azimlerini bir kez daha vurgulad\u0131 https:\/\/www.youtube.com\/watch?v=-ZfL-PfGsx8<\/p>\n","protected":false},"author":1,"featured_media":147820,"comment_status":"closed","ping_status":"closed","sticky":false,"template":"","format":"standard","meta":{"footnotes":""},"categories":[18295],"tags":[29256,29255,2755,16591,20843,22181],"class_list":["post-147815","post","type-post","status-publish","format-standard","has-post-thumbnail","","category-sana-video","tag-1-mayis","tag-isci-bayrami","tag-sam","tag-suriye","tag-suriye-iscileri","tag-suriyeliler"],"_links":{"self":[{"href":"https:\/\/archive.sana.sy\/tr\/index.php?rest_route=\/wp\/v2\/posts\/147815","targetHints":{"allow":["GET"]}}],"collection":[{"href":"https:\/\/archive.sana.sy\/tr\/index.php?rest_route=\/wp\/v2\/posts"}],"about":[{"href":"https:\/\/archive.sana.sy\/tr\/index.php?rest_route=\/wp\/v2\/types\/post"}],"author":[{"embeddable":true,"href":"https:\/\/archive.sana.sy\/tr\/index.php?rest_route=\/wp\/v2\/users\/1"}],"replies":[{"embeddable":true,"href":"https:\/\/archive.sana.sy\/tr\/index.php?rest_route=%2Fwp%2Fv2%2Fcomments&post=147815"}],"version-history":[{"count":0,"href":"https:\/\/archive.sana.sy\/tr\/index.php?rest_route=\/wp\/v2\/posts\/147815\/revisions"}],"wp:featuredmedia":[{"embeddable":true,"href":"https:\/\/archive.sana.sy\/tr\/index.php?rest_route=\/wp\/v2\/media\/147820"}],"wp:attachment":[{"href":"https:\/\/archive.sana.sy\/tr\/index.php?rest_route=%2Fwp%2Fv2%2Fmedia&parent=147815"}],"wp:term":[{"taxonomy":"category","embeddable":true,"href":"https:\/\/archive.sana.sy\/tr\/index.php?rest_route=%2Fwp%2Fv2%2Fcategories&post=147815"},{"taxonomy":"post_tag","embeddable":true,"href":"https:\/\/archive.sana.sy\/tr\/index.php?rest_route=%2Fwp%2Fv2%2Ftags&post=147815"}],"curies":[{"name":"wp","href":"https:\/\/api.w.org\/{rel}","templated":true}]}}