{"id":147819,"date":"2018-05-01T16:29:42","date_gmt":"2018-05-01T13:29:42","guid":{"rendered":"https:\/\/www.sana.sy\/tr\/?p=147819"},"modified":"2018-05-02T14:32:46","modified_gmt":"2018-05-02T11:32:46","slug":"yakin-bir-sure-icinde-kapsamli-ekonomik-isbirligi-anlasmasi-imzalanacak","status":"publish","type":"post","link":"https:\/\/archive.sana.sy\/tr\/?p=147819","title":{"rendered":"Yak\u0131n Bir S\u00fcre \u0130\u00e7inde Kapsaml\u0131 Ekonomik \u0130\u015fbirli\u011fi Anla\u015fmas\u0131 \u0130mzalanacak"},"content":{"rendered":"<p>\u015eAM \u2013 Halk Meclisinde Suriye \u0130ran Parlamenter Dostluk Grubunun yan\u0131 s\u0131ra Ulusal G\u00fcvenlik ve D\u0131\u015f \u0130li\u015fkiler ve Gurbet\u00e7iler komiteleri bug\u00fcn \u0130ran \u015eura Meclisinde Milli G\u00fcvenlik ve D\u0131\u015f Politika Komitesi Ba\u015fakn\u0131 Alauddin Brojerdi ve ona e\u015flik eden heyet ile temaslarda bulundular.<\/p>\n<p>\u0130ki dost \u00fclke parlamentolar\u0131 aras\u0131ndaki ili\u015fkileri farkl\u0131 alanlarda geli\u015ftirme olanaklar\u0131n\u0131n incelendi\u011fi toplant\u0131larda Halk Meclisinde Ulusal G\u00fcvenlik Komitesi Ba\u015fkan\u0131 Faysal el Huriikili ili\u015fkileri g\u00fc\u00e7lendirecek yeni anla\u015fmalara imza atman\u0131n \u00f6nemini kaydetti. Huri Suriye ve \u0130ran aras\u0131ndaki ekonomik ve ticari ili\u015fkileri siyasi ili\u015fkilerin d\u00fczeyine \u00e7\u0131karma \u00e7a\u011fr\u0131s\u0131nda bulundu.<\/p>\n<p>G\u00f6r\u00fc\u015fmede Brojerdi; iki \u00fclke aras\u0131ndaki ili\u015fkiler ve i\u015fbirli\u011fini peki\u015ftirip ad\u0131m ve icraatlar\u0131 h\u0131zland\u0131rma \u00f6nemini ifade etti. Brojerdi \u00fclkesinin ekonomi, ticari, bilimsel ve k\u00fclt\u00fcrel alandaki deneyimlerini Suriye&#8217;ye aktarmaya haz\u0131r oldu\u011funu ifade ederken, yeniden yap\u0131lanma ve g\u00fc\u00e7lenmede Suriye&#8217;ye gereken her yard\u0131m\u0131 sunmaya haz\u0131r odlu\u011funu ifade etti.<\/p>\n<p>\u0130ranl\u0131 yetkililerin yak\u0131n bir s\u00fcre i\u00e7inde Suriye&#8217;ye i\u015f ziyaretlerinde bulunacaklar\u0131na dikkat \u00e7eken Brojerdi, ziyaret s\u0131ras\u0131nda ekonomik i\u015fbirli\u011finde kapsaml\u0131 bir anla\u015famaya imza at\u0131laca\u011f\u0131n\u0131 a\u00e7\u0131klad\u0131.<\/p>\n<p>&nbsp;<\/p>\n","protected":false},"excerpt":{"rendered":"<p>\u015eAM \u2013 Halk Meclisinde Suriye \u0130ran Parlamenter Dostluk Grubunun yan\u0131 s\u0131ra Ulusal G\u00fcvenlik ve D\u0131\u015f \u0130li\u015fkiler ve Gurbet\u00e7iler komiteleri bug\u00fcn \u0130ran \u015eura Meclisinde Milli G\u00fcvenlik ve D\u0131\u015f Politika Komitesi Ba\u015fakn\u0131 Alauddin Brojerdi ve ona e\u015flik eden heyet ile temaslarda bulundular. \u0130ki dost \u00fclke parlamentolar\u0131 aras\u0131ndaki ili\u015fkileri farkl\u0131 alanlarda geli\u015ftirme olanaklar\u0131n\u0131n incelendi\u011fi toplant\u0131larda Halk Meclisinde Ulusal &hellip;<\/p>\n","protected":false},"author":1,"featured_media":147863,"comment_status":"closed","ping_status":"closed","sticky":false,"template":"","format":"standard","meta":{"footnotes":""},"categories":[479,17988,478],"tags":[22931,36058,16838,34241,24013,20976],"class_list":["post-147819","post","type-post","status-publish","format-standard","has-post-thumbnail","","category-haberler-yerel","category-son-haberler","category-yerel","tag-alauddin-brojerdi","tag-ekonomik-isbirligi-anlasmasi","tag-halk-meclisi","tag-parlamenter-dostluk-grubu","tag-suriye-parlamentosu","tag-suriye-ve-iran"],"_links":{"self":[{"href":"https:\/\/archive.sana.sy\/tr\/index.php?rest_route=\/wp\/v2\/posts\/147819","targetHints":{"allow":["GET"]}}],"collection":[{"href":"https:\/\/archive.sana.sy\/tr\/index.php?rest_route=\/wp\/v2\/posts"}],"about":[{"href":"https:\/\/archive.sana.sy\/tr\/index.php?rest_route=\/wp\/v2\/types\/post"}],"author":[{"embeddable":true,"href":"https:\/\/archive.sana.sy\/tr\/index.php?rest_route=\/wp\/v2\/users\/1"}],"replies":[{"embeddable":true,"href":"https:\/\/archive.sana.sy\/tr\/index.php?rest_route=%2Fwp%2Fv2%2Fcomments&post=147819"}],"version-history":[{"count":0,"href":"https:\/\/archive.sana.sy\/tr\/index.php?rest_route=\/wp\/v2\/posts\/147819\/revisions"}],"wp:featuredmedia":[{"embeddable":true,"href":"https:\/\/archive.sana.sy\/tr\/index.php?rest_route=\/wp\/v2\/media\/147863"}],"wp:attachment":[{"href":"https:\/\/archive.sana.sy\/tr\/index.php?rest_route=%2Fwp%2Fv2%2Fmedia&parent=147819"}],"wp:term":[{"taxonomy":"category","embeddable":true,"href":"https:\/\/archive.sana.sy\/tr\/index.php?rest_route=%2Fwp%2Fv2%2Fcategories&post=147819"},{"taxonomy":"post_tag","embeddable":true,"href":"https:\/\/archive.sana.sy\/tr\/index.php?rest_route=%2Fwp%2Fv2%2Ftags&post=147819"}],"curies":[{"name":"wp","href":"https:\/\/api.w.org\/{rel}","templated":true}]}}