{"id":147824,"date":"2018-05-01T15:42:55","date_gmt":"2018-05-01T12:42:55","guid":{"rendered":"https:\/\/www.sana.sy\/tr\/?p=147824"},"modified":"2018-05-02T16:39:02","modified_gmt":"2018-05-02T13:39:02","slug":"abd-ve-koalisyonu-yine-dehset-verici-bir-katliam-isledi","status":"publish","type":"post","link":"https:\/\/archive.sana.sy\/tr\/?p=147824","title":{"rendered":"ABD ve Koalisyonu Yine Deh\u015fet Verici Bir Katliam \u0130\u015fledi"},"content":{"rendered":"<p>HASEKE \u2013 I\u015e\u0130D\u2019e kar\u015f\u0131 sava\u015ft\u0131\u011f\u0131n\u0131 iddia eden, fakat ger\u00e7ekte I\u015e\u0130D\u2019i kollad\u0131\u011f\u0131 ve savundu\u011fu kan\u0131tlarla tespit edilen ABD g\u00fc\u00e7leri ve komutas\u0131ndaki gayr\u0131 me\u015fru uluslar aras\u0131 koalisyon g\u00fc\u00e7leri; Haseke \u0130linin \u015eeddadi Kenti yak\u0131nlar\u0131nda yer alan Faz\u0131l K\u00f6y\u00fcnde masum sivil vatanda\u015flara kar\u015f\u0131 yine deh\u015fet verici bir katliamda bulundular.<\/p>\n<p>\u015eeddadi Kentinde yerel kaynaklar SANA muhabirine a\u00e7\u0131klamalar\u0131nda; ABD koalisyonuna tabi sava\u015f u\u00e7aklar\u0131n\u0131n bug\u00fcn erken saatlerde Faz\u0131l K\u00f6y\u00fcnde sivil vatanda\u015flar\u0131n evlerini barbarca bombalad\u0131klar\u0131n\u0131 belirtti.<\/p>\n<p>Deh\u015fet verici katliamda aralar\u0131nda 2 ya\u015fl\u0131 adam\u0131n bulundu\u011fu, geri kalanlar\u0131n ise \u00e7ocuk ve kad\u0131nlardan olu\u015fan 25 vatanda\u015f\u0131n \u015fehit d\u00fc\u015ft\u00fcklerini belirten yerel kaynaklar; yine geneli \u00e7ocuk ve kad\u0131nlardan ibaret onlarca sivil vatanda\u015f\u0131n yaraland\u0131\u011f\u0131na dikkat \u00e7ekti.<\/p>\n<p>Yerel kaynaklar d\u00fc\u015fman sald\u0131r\u0131 sonucunda k\u00f6yde bir k\u0131s\u0131m evlerin tamamen yerle bir oldu\u011funu kaydetti.<\/p>\n","protected":false},"excerpt":{"rendered":"<p>HASEKE \u2013 I\u015e\u0130D\u2019e kar\u015f\u0131 sava\u015ft\u0131\u011f\u0131n\u0131 iddia eden, fakat ger\u00e7ekte I\u015e\u0130D\u2019i kollad\u0131\u011f\u0131 ve savundu\u011fu kan\u0131tlarla tespit edilen ABD g\u00fc\u00e7leri ve komutas\u0131ndaki gayr\u0131 me\u015fru uluslar aras\u0131 koalisyon g\u00fc\u00e7leri; Haseke \u0130linin \u015eeddadi Kenti yak\u0131nlar\u0131nda yer alan Faz\u0131l K\u00f6y\u00fcnde masum sivil vatanda\u015flara kar\u015f\u0131 yine deh\u015fet verici bir katliamda bulundular. \u015eeddadi Kentinde yerel kaynaklar SANA muhabirine a\u00e7\u0131klamalar\u0131nda; ABD koalisyonuna tabi &hellip;<\/p>\n","protected":false},"author":1,"featured_media":147825,"comment_status":"closed","ping_status":"closed","sticky":false,"template":"","format":"standard","meta":{"footnotes":""},"categories":[479,575,17988,478],"tags":[9314,29636,22556,1140,24011,18692,19442,18174,24111,16591,22181,24034],"class_list":["post-147824","post","type-post","status-publish","format-standard","has-post-thumbnail","","category-haberler-yerel","category-olaylar-ve-gercekler","category-son-haberler","category-yerel","tag-suriyelilerin-esad-rejiminin-kaderini-belirliyor-veya-esad-ordusu-gibi-terimler-kullanmalarinin-mantiksizligina-dikkat-cekti-suriyelilerin-kendi-vatanlarinin-kader","tag-abd-gucleri","tag-bombardiman","tag-haseke","tag-iside-karsi-savas","tag-katliam","tag-seddadi","tag-sivillere-saldiri","tag-sivilleri-bombaladi","tag-suriye","tag-suriyeliler","tag-uluslararasi-koalisyon-gucleri"],"_links":{"self":[{"href":"https:\/\/archive.sana.sy\/tr\/index.php?rest_route=\/wp\/v2\/posts\/147824","targetHints":{"allow":["GET"]}}],"collection":[{"href":"https:\/\/archive.sana.sy\/tr\/index.php?rest_route=\/wp\/v2\/posts"}],"about":[{"href":"https:\/\/archive.sana.sy\/tr\/index.php?rest_route=\/wp\/v2\/types\/post"}],"author":[{"embeddable":true,"href":"https:\/\/archive.sana.sy\/tr\/index.php?rest_route=\/wp\/v2\/users\/1"}],"replies":[{"embeddable":true,"href":"https:\/\/archive.sana.sy\/tr\/index.php?rest_route=%2Fwp%2Fv2%2Fcomments&post=147824"}],"version-history":[{"count":0,"href":"https:\/\/archive.sana.sy\/tr\/index.php?rest_route=\/wp\/v2\/posts\/147824\/revisions"}],"wp:featuredmedia":[{"embeddable":true,"href":"https:\/\/archive.sana.sy\/tr\/index.php?rest_route=\/wp\/v2\/media\/147825"}],"wp:attachment":[{"href":"https:\/\/archive.sana.sy\/tr\/index.php?rest_route=%2Fwp%2Fv2%2Fmedia&parent=147824"}],"wp:term":[{"taxonomy":"category","embeddable":true,"href":"https:\/\/archive.sana.sy\/tr\/index.php?rest_route=%2Fwp%2Fv2%2Fcategories&post=147824"},{"taxonomy":"post_tag","embeddable":true,"href":"https:\/\/archive.sana.sy\/tr\/index.php?rest_route=%2Fwp%2Fv2%2Ftags&post=147824"}],"curies":[{"name":"wp","href":"https:\/\/api.w.org\/{rel}","templated":true}]}}