{"id":147827,"date":"2018-05-01T10:45:56","date_gmt":"2018-05-01T07:45:56","guid":{"rendered":"https:\/\/www.sana.sy\/tr\/?p=147827"},"modified":"2018-05-02T13:20:17","modified_gmt":"2018-05-02T10:20:17","slug":"ordu-hacer-el-esvedte-yeni-ilerlemeler-kaydetti","status":"publish","type":"post","link":"https:\/\/archive.sana.sy\/tr\/?p=147827","title":{"rendered":"Ordu Hacer el Esved\u2019te Yeni \u0130lerlemeler Kaydetti"},"content":{"rendered":"<p>\u015eAM \u2013 Ordu birliklerimiz hava g\u00fc\u00e7lerimiz ve top\u00e7u birliklerimizin deste\u011fi ile \u015eam\u2019\u0131n g\u00fcney kenarlar\u0131 Hacer el Esved B\u00f6lgesinde I\u015e\u0130D\u2019e kar\u015f\u0131 operasyonlar\u0131n\u0131 s\u00fcrd\u00fcrerek, bir\u00e7ok eksenden \u00f6nemli ilerlemeler kaydetti.<a href=\"https:\/\/www.sana.sy\/tr\/wp-content\/uploads\/2018\/05\/2-9.jpg\"><img loading=\"lazy\" decoding=\"async\" class=\"alignright wp-image-147829 size-medium\" src=\"https:\/\/www.sana.sy\/tr\/wp-content\/uploads\/2018\/05\/2-9-300x169.jpg\" alt=\"\" width=\"300\" height=\"169\" srcset=\"https:\/\/archive.sana.sy\/tr\/wp-content\/uploads\/2018\/05\/2-9-300x169.jpg 300w, https:\/\/archive.sana.sy\/tr\/wp-content\/uploads\/2018\/05\/2-9-150x84.jpg 150w, https:\/\/archive.sana.sy\/tr\/wp-content\/uploads\/2018\/05\/2-9.jpg 660w\" sizes=\"auto, (max-width: 300px) 100vw, 300px\" \/><\/a><\/p>\n<p>SANA\u2019n\u0131n sava\u015f muhabiri; hava g\u00fc\u00e7lerimiz ve top\u00e7u birliklerimizin Hacer el Esved\u2019te radikal ter\u00f6r \u00f6rg\u00fct\u00fc I\u015e\u0130D\u2019in karargah, t\u00fcnel giri\u015f \u00e7\u0131k\u0131\u015flar\u0131, hendekler ve hareketlenmelerini yo\u011fun ate\u015fe tuttuklar\u0131n\u0131 belirtti.<\/p>\n<p>S\u00f6z konusu operasyonlar ve \u015fiddetli \u00e7at\u0131\u015fmalarda radikal \u00f6rg\u00fct\u00fcn yine ciddi kay\u0131plara u\u011frat\u0131ld\u0131\u011f\u0131n\u0131 kaydeden muhabir; ordu birliklerimizin yeni ve \u00f6nemli ilerlemeler kaydetmeleriyle ter\u00f6ristlerin bulunduklar\u0131 alanlar i\u00e7inde daha da s\u0131k\u0131\u015ft\u0131klar\u0131na dikkat \u00e7ekti.<\/p>\n","protected":false},"excerpt":{"rendered":"<p>\u015eAM \u2013 Ordu birliklerimiz hava g\u00fc\u00e7lerimiz ve top\u00e7u birliklerimizin deste\u011fi ile \u015eam\u2019\u0131n g\u00fcney kenarlar\u0131 Hacer el Esved B\u00f6lgesinde I\u015e\u0130D\u2019e kar\u015f\u0131 operasyonlar\u0131n\u0131 s\u00fcrd\u00fcrerek, bir\u00e7ok eksenden \u00f6nemli ilerlemeler kaydetti. SANA\u2019n\u0131n sava\u015f muhabiri; hava g\u00fc\u00e7lerimiz ve top\u00e7u birliklerimizin Hacer el Esved\u2019te radikal ter\u00f6r \u00f6rg\u00fct\u00fc I\u015e\u0130D\u2019in karargah, t\u00fcnel giri\u015f \u00e7\u0131k\u0131\u015flar\u0131, hendekler ve hareketlenmelerini yo\u011fun ate\u015fe tuttuklar\u0131n\u0131 belirtti. S\u00f6z konusu &hellip;<\/p>\n","protected":false},"author":1,"featured_media":147828,"comment_status":"closed","ping_status":"closed","sticky":false,"template":"","format":"standard","meta":{"footnotes":""},"categories":[479,575,17988,478],"tags":[3464,18576,18577,35900,2318,2755,29219,16591,11549,19034,28327],"class_list":["post-147827","post","type-post","status-publish","format-standard","has-post-thumbnail","","category-haberler-yerel","category-olaylar-ve-gercekler","category-son-haberler","category-yerel","tag-nusra-cephesi","tag-daes","tag-deas","tag-hacer-el-esved","tag-isid","tag-sam","tag-sam-kenarlari","tag-suriye","tag-suriye-ordusu","tag-suriyeli-muhalifler","tag-tahrir-el-sam"],"_links":{"self":[{"href":"https:\/\/archive.sana.sy\/tr\/index.php?rest_route=\/wp\/v2\/posts\/147827","targetHints":{"allow":["GET"]}}],"collection":[{"href":"https:\/\/archive.sana.sy\/tr\/index.php?rest_route=\/wp\/v2\/posts"}],"about":[{"href":"https:\/\/archive.sana.sy\/tr\/index.php?rest_route=\/wp\/v2\/types\/post"}],"author":[{"embeddable":true,"href":"https:\/\/archive.sana.sy\/tr\/index.php?rest_route=\/wp\/v2\/users\/1"}],"replies":[{"embeddable":true,"href":"https:\/\/archive.sana.sy\/tr\/index.php?rest_route=%2Fwp%2Fv2%2Fcomments&post=147827"}],"version-history":[{"count":0,"href":"https:\/\/archive.sana.sy\/tr\/index.php?rest_route=\/wp\/v2\/posts\/147827\/revisions"}],"wp:featuredmedia":[{"embeddable":true,"href":"https:\/\/archive.sana.sy\/tr\/index.php?rest_route=\/wp\/v2\/media\/147828"}],"wp:attachment":[{"href":"https:\/\/archive.sana.sy\/tr\/index.php?rest_route=%2Fwp%2Fv2%2Fmedia&parent=147827"}],"wp:term":[{"taxonomy":"category","embeddable":true,"href":"https:\/\/archive.sana.sy\/tr\/index.php?rest_route=%2Fwp%2Fv2%2Fcategories&post=147827"},{"taxonomy":"post_tag","embeddable":true,"href":"https:\/\/archive.sana.sy\/tr\/index.php?rest_route=%2Fwp%2Fv2%2Ftags&post=147827"}],"curies":[{"name":"wp","href":"https:\/\/api.w.org\/{rel}","templated":true}]}}