{"id":147831,"date":"2018-05-01T18:42:10","date_gmt":"2018-05-01T15:42:10","guid":{"rendered":"https:\/\/www.sana.sy\/tr\/?p=147831"},"modified":"2018-05-02T13:20:02","modified_gmt":"2018-05-02T10:20:02","slug":"suriye-bayragi-yermukte-gondere-cekildi","status":"publish","type":"post","link":"https:\/\/archive.sana.sy\/tr\/?p=147831","title":{"rendered":"Suriye Bayra\u011f\u0131 Yerm\u00fck\u2019te G\u00f6ndere \u00c7ekildi"},"content":{"rendered":"<p>\u015eAM \u2013 Ordu birliklerimiz ba\u015fkent \u015eam\u2019\u0131n g\u00fcney kenarlar\u0131 Yerm\u00fck B\u00f6lgesinin ter\u00f6rden ar\u0131nd\u0131r\u0131rlarken, Suriye&#8217;nin \u015fanl\u0131 bayra\u011f\u0131n\u0131 Adliye Binas\u0131 \u00fczerinde onurla g\u00f6ndere \u00e7ektiler.<\/p>\n<div id='gallery-1' class='gallery galleryid-147831 gallery-columns-1 gallery-size-large'><figure class='gallery-item'>\n\t\t\t<div class='gallery-icon landscape'>\n\t\t\t\t<a href='https:\/\/archive.sana.sy\/tr\/wp-content\/uploads\/2018\/05\/1-26.jpg'><img loading=\"lazy\" decoding=\"async\" width=\"618\" height=\"360\" src=\"https:\/\/archive.sana.sy\/tr\/wp-content\/uploads\/2018\/05\/1-26-1024x597.jpg\" class=\"attachment-large size-large\" alt=\"\" srcset=\"https:\/\/archive.sana.sy\/tr\/wp-content\/uploads\/2018\/05\/1-26-1024x597.jpg 1024w, https:\/\/archive.sana.sy\/tr\/wp-content\/uploads\/2018\/05\/1-26-150x88.jpg 150w, https:\/\/archive.sana.sy\/tr\/wp-content\/uploads\/2018\/05\/1-26-300x175.jpg 300w, https:\/\/archive.sana.sy\/tr\/wp-content\/uploads\/2018\/05\/1-26-768x448.jpg 768w, https:\/\/archive.sana.sy\/tr\/wp-content\/uploads\/2018\/05\/1-26.jpg 1200w\" sizes=\"auto, (max-width: 618px) 100vw, 618px\" \/><\/a>\n\t\t\t<\/div><\/figure><figure class='gallery-item'>\n\t\t\t<div class='gallery-icon landscape'>\n\t\t\t\t<a href='https:\/\/archive.sana.sy\/tr\/wp-content\/uploads\/2018\/05\/2-10.jpg'><img loading=\"lazy\" decoding=\"async\" width=\"618\" height=\"425\" src=\"https:\/\/archive.sana.sy\/tr\/wp-content\/uploads\/2018\/05\/2-10-1024x705.jpg\" class=\"attachment-large size-large\" alt=\"\" srcset=\"https:\/\/archive.sana.sy\/tr\/wp-content\/uploads\/2018\/05\/2-10-1024x705.jpg 1024w, https:\/\/archive.sana.sy\/tr\/wp-content\/uploads\/2018\/05\/2-10-150x103.jpg 150w, https:\/\/archive.sana.sy\/tr\/wp-content\/uploads\/2018\/05\/2-10-300x207.jpg 300w, https:\/\/archive.sana.sy\/tr\/wp-content\/uploads\/2018\/05\/2-10-768x529.jpg 768w, https:\/\/archive.sana.sy\/tr\/wp-content\/uploads\/2018\/05\/2-10-110x75.jpg 110w, https:\/\/archive.sana.sy\/tr\/wp-content\/uploads\/2018\/05\/2-10.jpg 1200w\" sizes=\"auto, (max-width: 618px) 100vw, 618px\" \/><\/a>\n\t\t\t<\/div><\/figure><figure class='gallery-item'>\n\t\t\t<div class='gallery-icon landscape'>\n\t\t\t\t<a href='https:\/\/archive.sana.sy\/tr\/wp-content\/uploads\/2018\/05\/3-8.jpg'><img loading=\"lazy\" decoding=\"async\" width=\"618\" height=\"437\" src=\"https:\/\/archive.sana.sy\/tr\/wp-content\/uploads\/2018\/05\/3-8-1024x724.jpg\" class=\"attachment-large size-large\" alt=\"\" srcset=\"https:\/\/archive.sana.sy\/tr\/wp-content\/uploads\/2018\/05\/3-8-1024x724.jpg 1024w, https:\/\/archive.sana.sy\/tr\/wp-content\/uploads\/2018\/05\/3-8-150x106.jpg 150w, https:\/\/archive.sana.sy\/tr\/wp-content\/uploads\/2018\/05\/3-8-300x212.jpg 300w, https:\/\/archive.sana.sy\/tr\/wp-content\/uploads\/2018\/05\/3-8-768x543.jpg 768w, https:\/\/archive.sana.sy\/tr\/wp-content\/uploads\/2018\/05\/3-8.jpg 1200w\" sizes=\"auto, (max-width: 618px) 100vw, 618px\" \/><\/a>\n\t\t\t<\/div><\/figure>\n\t\t<\/div>\n\n","protected":false},"excerpt":{"rendered":"<p>\u015eAM \u2013 Ordu birliklerimiz ba\u015fkent \u015eam\u2019\u0131n g\u00fcney kenarlar\u0131 Yerm\u00fck B\u00f6lgesinin ter\u00f6rden ar\u0131nd\u0131r\u0131rlarken, Suriye&#8217;nin \u015fanl\u0131 bayra\u011f\u0131n\u0131 Adliye Binas\u0131 \u00fczerinde onurla g\u00f6ndere \u00e7ektiler.<\/p>\n","protected":false},"author":1,"featured_media":147849,"comment_status":"closed","ping_status":"closed","sticky":false,"template":"","format":"standard","meta":{"footnotes":""},"categories":[596,479,575,17988,478],"tags":[36059,2755,29219,16591,35883,11549,29596],"class_list":["post-147831","post","type-post","status-publish","format-standard","has-post-thumbnail","","category-fotografli-raporlar","category-haberler-yerel","category-olaylar-ve-gercekler","category-son-haberler","category-yerel","tag-bayragi-gondere-cekti","tag-sam","tag-sam-kenarlari","tag-suriye","tag-suriye-bayragi","tag-suriye-ordusu","tag-yermuk"],"_links":{"self":[{"href":"https:\/\/archive.sana.sy\/tr\/index.php?rest_route=\/wp\/v2\/posts\/147831","targetHints":{"allow":["GET"]}}],"collection":[{"href":"https:\/\/archive.sana.sy\/tr\/index.php?rest_route=\/wp\/v2\/posts"}],"about":[{"href":"https:\/\/archive.sana.sy\/tr\/index.php?rest_route=\/wp\/v2\/types\/post"}],"author":[{"embeddable":true,"href":"https:\/\/archive.sana.sy\/tr\/index.php?rest_route=\/wp\/v2\/users\/1"}],"replies":[{"embeddable":true,"href":"https:\/\/archive.sana.sy\/tr\/index.php?rest_route=%2Fwp%2Fv2%2Fcomments&post=147831"}],"version-history":[{"count":0,"href":"https:\/\/archive.sana.sy\/tr\/index.php?rest_route=\/wp\/v2\/posts\/147831\/revisions"}],"wp:featuredmedia":[{"embeddable":true,"href":"https:\/\/archive.sana.sy\/tr\/index.php?rest_route=\/wp\/v2\/media\/147849"}],"wp:attachment":[{"href":"https:\/\/archive.sana.sy\/tr\/index.php?rest_route=%2Fwp%2Fv2%2Fmedia&parent=147831"}],"wp:term":[{"taxonomy":"category","embeddable":true,"href":"https:\/\/archive.sana.sy\/tr\/index.php?rest_route=%2Fwp%2Fv2%2Fcategories&post=147831"},{"taxonomy":"post_tag","embeddable":true,"href":"https:\/\/archive.sana.sy\/tr\/index.php?rest_route=%2Fwp%2Fv2%2Ftags&post=147831"}],"curies":[{"name":"wp","href":"https:\/\/api.w.org\/{rel}","templated":true}]}}