{"id":147856,"date":"2018-05-01T17:52:47","date_gmt":"2018-05-01T14:52:47","guid":{"rendered":"https:\/\/www.sana.sy\/tr\/?p=147856"},"modified":"2018-05-01T17:52:47","modified_gmt":"2018-05-01T14:52:47","slug":"iran-sura-meclisinde-milli-guvenlik-ve-dis-iliskiler-komitesi-baskani-brojerdi-suriye-hukumetinin-onayi-olmaksizin-suriye-topraklari-uzerinde-herhangi-bir-yabanci-gucun-varliginin-uluslar-arasi-kanun","status":"publish","type":"post","link":"https:\/\/archive.sana.sy\/tr\/?p=147856","title":{"rendered":"\u0130ran \u015eura Meclisinde Milli G\u00fcvenlik ve D\u0131\u015f \u0130li\u015fkiler Komitesi Ba\u015fkan\u0131 Brojerdi; Suriye h\u00fck\u00fcmetinin onay\u0131 olmaks\u0131z\u0131n Suriye topraklar\u0131 \u00fczerinde herhangi bir yabanc\u0131 g\u00fcc\u00fcn varl\u0131\u011f\u0131n\u0131n uluslar aras\u0131 kanunlar kapsam\u0131nda i\u015fgal ve sald\u0131r\u0131 niteli\u011fi ta\u015f\u0131d\u0131\u011f\u0131n\u0131 vurgulad\u0131"},"content":{"rendered":"<p>\u0130ran \u015eura Meclisinde Milli G\u00fcvenlik ve D\u0131\u015f \u0130li\u015fkiler Komitesi Ba\u015fkan\u0131 Brojerdi; Suriye h\u00fck\u00fcmetinin onay\u0131 olmaks\u0131z\u0131n Suriye topraklar\u0131 \u00fczerinde herhangi bir yabanc\u0131 g\u00fcc\u00fcn varl\u0131\u011f\u0131n\u0131n uluslar aras\u0131 kanunlar kapsam\u0131nda i\u015fgal ve sald\u0131r\u0131 niteli\u011fi ta\u015f\u0131d\u0131\u011f\u0131n\u0131 vurgulad\u0131<\/p>\n","protected":false},"excerpt":{"rendered":"<p>\u0130ran \u015eura Meclisinde Milli G\u00fcvenlik ve D\u0131\u015f \u0130li\u015fkiler Komitesi Ba\u015fkan\u0131 Brojerdi; Suriye h\u00fck\u00fcmetinin onay\u0131 olmaks\u0131z\u0131n Suriye topraklar\u0131 \u00fczerinde herhangi bir yabanc\u0131 g\u00fcc\u00fcn varl\u0131\u011f\u0131n\u0131n uluslar aras\u0131 kanunlar kapsam\u0131nda i\u015fgal ve sald\u0131r\u0131 niteli\u011fi ta\u015f\u0131d\u0131\u011f\u0131n\u0131 vurgulad\u0131<\/p>\n","protected":false},"author":1,"featured_media":0,"comment_status":"closed","ping_status":"closed","sticky":false,"template":"","format":"standard","meta":{"footnotes":""},"categories":[17991],"tags":[],"class_list":["post-147856","post","type-post","status-publish","format-standard","","category-son-dakika"],"_links":{"self":[{"href":"https:\/\/archive.sana.sy\/tr\/index.php?rest_route=\/wp\/v2\/posts\/147856","targetHints":{"allow":["GET"]}}],"collection":[{"href":"https:\/\/archive.sana.sy\/tr\/index.php?rest_route=\/wp\/v2\/posts"}],"about":[{"href":"https:\/\/archive.sana.sy\/tr\/index.php?rest_route=\/wp\/v2\/types\/post"}],"author":[{"embeddable":true,"href":"https:\/\/archive.sana.sy\/tr\/index.php?rest_route=\/wp\/v2\/users\/1"}],"replies":[{"embeddable":true,"href":"https:\/\/archive.sana.sy\/tr\/index.php?rest_route=%2Fwp%2Fv2%2Fcomments&post=147856"}],"version-history":[{"count":0,"href":"https:\/\/archive.sana.sy\/tr\/index.php?rest_route=\/wp\/v2\/posts\/147856\/revisions"}],"wp:attachment":[{"href":"https:\/\/archive.sana.sy\/tr\/index.php?rest_route=%2Fwp%2Fv2%2Fmedia&parent=147856"}],"wp:term":[{"taxonomy":"category","embeddable":true,"href":"https:\/\/archive.sana.sy\/tr\/index.php?rest_route=%2Fwp%2Fv2%2Fcategories&post=147856"},{"taxonomy":"post_tag","embeddable":true,"href":"https:\/\/archive.sana.sy\/tr\/index.php?rest_route=%2Fwp%2Fv2%2Ftags&post=147856"}],"curies":[{"name":"wp","href":"https:\/\/api.w.org\/{rel}","templated":true}]}}