{"id":14789,"date":"2014-11-06T11:30:14","date_gmt":"2014-11-06T09:30:14","guid":{"rendered":"http:\/\/www.sana.sy\/tr\/?p=14789"},"modified":"2014-11-06T11:30:14","modified_gmt":"2014-11-06T09:30:14","slug":"haydar-amerikanin-bolgedeki-projesi-israile-hizmet-ediyor","status":"publish","type":"post","link":"https:\/\/archive.sana.sy\/tr\/?p=14789","title":{"rendered":"Haydar: Amerika\u2019n\u0131n B\u00f6lgedeki Projesi \u201c\u0130srail\u2019e\u201d Hizmet Ediyor"},"content":{"rendered":"<p>\u015eAM \u2013 Ulusal Uzla\u015fma \u0130\u015flerinden Sorumlu Devlet Bakan\u0131 Ali Haydar, Amerika Birle\u015fik Devletlerinin Suriye\u2019ye y\u00f6nelik sava\u015fta ge\u00e7en 4 y\u0131l s\u00fcresince \u00f6nc\u00fc oldu\u011funu belirterek, Suriye\u2019nin bug\u00fcn topraklar\u0131 \u00fczerinde I\u015e\u0130D ve Nusra Cephesi ter\u00f6r \u00f6rg\u00fctlerinin varl\u0131\u011f\u0131 kanal\u0131yla Suriye kimli\u011finin teolojik bir \u015fekilde silinmesi projesi \u00f6n\u00fcnde durdu\u011funu a\u00e7\u0131klad\u0131.<\/p>\n<p>Haydar d\u00fcn gece el Mayadin kanal\u0131n\u0131n kendisiyle yapt\u0131\u011f\u0131 r\u00f6portajda, ABD\u2019nin I\u015e\u0130D ter\u00f6r \u00f6rg\u00fct\u00fcne y\u00f6nelik d\u00fczenledi\u011fi darbeler kanal\u0131yla yapt\u0131klar\u0131 ile muhalefeti e\u011fitmek i\u00e7in 500 milyon dolar sunmas\u0131n\u0131n, \u015fi\u015feden \u00e7\u0131kan bir ter\u00f6r\u00fc hegemonyas\u0131 alt\u0131nda olacak di\u011fer bir ter\u00f6rle de\u011fi\u015ftirme oyunu oldu\u011funu varsayd\u0131.<\/p>\n<p>Haydar, ABD\u2019nin b\u00f6lgedeki projesinin de\u011fi\u015fmeyece\u011fini, kendisinin siyasi alt yap\u0131y\u0131 de\u011fi\u015ftirmek ve \u201c\u0130srail\u2019in g\u00fcvenli\u011fini sa\u011flayacak ve varl\u0131\u011f\u0131n\u0131 me\u015frula\u015ft\u0131racak bir yeniden \u00fcretime \u00e7al\u0131\u015ft\u0131\u011f\u0131n\u0131 s\u00f6yledi.<\/p>\n<p>Suriye\u2019nin baz\u0131 b\u00f6lgelerinde yap\u0131lan ulusal uzla\u015fmalarla ilgiliyse Haydar, uzla\u015fman\u0131n siyasi bir takti\u011fin b\u00f6l\u00fcm\u00fc de\u011fil Suriyelilerin kaderi oldu\u011funu, bu projenin bir b\u00fct\u00fcn oldu\u011funu ulusal d\u00fczeyde tam bir devlet projesinin nihai sonucu oldu\u011funu vurgulad\u0131.<\/p>\n<p>Haydar, uzla\u015fman\u0131n bazen sorun ya\u015fanan b\u00f6lgelerdeki yabanc\u0131 uyruklu silahl\u0131lar\u0131n bulunmas\u0131 sebebiyle aksamalara u\u011frad\u0131\u011f\u0131n\u0131 ifade etti.<\/p>\n<p>Haydar,ABD\u2019nin Suriye\u2019yi Cenevre 2 arac\u0131l\u0131\u011f\u0131yla Suriye\u2019deki kriz ba\u015fl\u0131\u011f\u0131ndan,muhalefet ile onu ortaya \u00e7\u0131karan ve finanse edenlerin lisan\u0131yla ba\u015far\u0131s\u0131zl\u0131\u011f\u0131n\u0131 ispat eden koalisyondan edatlar\u0131 kanal\u0131yla me\u015fruiyete kar\u015f\u0131 sava\u015fa g\u00f6t\u00fcrmek istedi\u011fini ancak kendisinin \u015fu anda ba\u015fka edatlar arad\u0131\u011f\u0131n\u0131 kendilerinin ise devletin sorumlulu\u011fu olan ter\u00f6re kar\u015f\u0131 sava\u015fla istenilen siyasi \u00e7\u00f6z\u00fcm\u00fc ayr\u0131\u015ft\u0131rmaya bel ba\u011flad\u0131klar\u0131n\u0131 dile getirdi.<\/p>\n","protected":false},"excerpt":{"rendered":"<p>\u015eAM \u2013 Ulusal Uzla\u015fma \u0130\u015flerinden Sorumlu Devlet Bakan\u0131 Ali Haydar, Amerika Birle\u015fik Devletlerinin Suriye\u2019ye y\u00f6nelik sava\u015fta ge\u00e7en 4 y\u0131l s\u00fcresince \u00f6nc\u00fc oldu\u011funu belirterek, Suriye\u2019nin bug\u00fcn topraklar\u0131 \u00fczerinde I\u015e\u0130D ve Nusra Cephesi ter\u00f6r \u00f6rg\u00fctlerinin varl\u0131\u011f\u0131 kanal\u0131yla Suriye kimli\u011finin teolojik bir \u015fekilde silinmesi projesi \u00f6n\u00fcnde durdu\u011funu a\u00e7\u0131klad\u0131. Haydar d\u00fcn gece el Mayadin kanal\u0131n\u0131n kendisiyle yapt\u0131\u011f\u0131 r\u00f6portajda, ABD\u2019nin &hellip;<\/p>\n","protected":false},"author":1,"featured_media":14791,"comment_status":"closed","ping_status":"closed","sticky":false,"template":"","format":"standard","meta":{"footnotes":""},"categories":[479,478],"tags":[5155,5153,5160,5151,5158,5150,5156,5161,5154,5152,5159,5157],"class_list":["post-14789","post","type-post","status-publish","format-standard","has-post-thumbnail","","category-haberler-yerel","category-yerel","tag-abdnin-bolgedeki-projesinin-degismeyecegini","tag-abdnin-isid-teror-orgutune-yonelik-duzenledigi-darbeler-kanaliyla-yaptiklari-ile-muhalefeti-egitmek-icin-500-milyon-dolar-sunmasinin","tag-abdnin-suriyeyi-cenevre-2-araciligiyla-suriyedeki-kriz-basligindan","tag-amerika-birlesik-devletlerinin-suriyeye-yonelik-savasta-gecen-4-yil-suresince-oncu-oldugunu-belirterek","tag-bu-projenin-bir-butun-oldugunu-ulusal-duzeyde-tam-bir-devlet-projesinin-nihai-sonucu-oldugunu-vurguladi-haydar","tag-haydar-amerikanin-bolgedeki-projesi-israile-hizmet-ediyor-sam-ulusal-uzlasma-islerinden-sorumlu-devlet-bakani-ali-haydar","tag-kendisinin-siyasi-alt-yapiyi-degistirmek-ve-israilin-guvenligini-saglayacak-ve-varligini-mesrulastiracak-bir-yeniden-uretime-calistigini-soyledi-suriyenin-bazi-bolgelerinde","tag-muhalefet-ile-onu-ortaya-cikaran-ve-finanse-edenlerin-lisaniyla-basarisizligini-ispat-eden-koalisyondan-edatlari-kanaliyla-mesruiyete-karsi-savasa-goturmek-istedigini-ancak-kendisinin-su-anda-baska-ed","tag-siseden-cikan-bir-teroru-hegemonyasi-altinda-olacak-diger-bir-terorle-degistirme-oyunu-oldugunu-varsaydi-haydar","tag-suriyenin-bugun-topraklari-uzerinde-isid-ve-nusra-cephesi-teror-orgutlerinin-varligi-kanaliyla-suriye-kimliginin-teolojik-bir-sekilde-silinmesi-projesi-onunde-durdugunu-acikladi-haydar-dun-g","tag-uzlasmanin-bazen-sorun-yasanan-bolgelerdeki-yabanci-uyruklu-silahlilarin-bulunmasi-sebebiyle-aksamalara-ugradigini-ifade-etti-haydar","tag-uzlasmanin-siyasi-bir-taktigin-bolumu-degil-suriyelilerin-kaderi-oldugunu"],"_links":{"self":[{"href":"https:\/\/archive.sana.sy\/tr\/index.php?rest_route=\/wp\/v2\/posts\/14789","targetHints":{"allow":["GET"]}}],"collection":[{"href":"https:\/\/archive.sana.sy\/tr\/index.php?rest_route=\/wp\/v2\/posts"}],"about":[{"href":"https:\/\/archive.sana.sy\/tr\/index.php?rest_route=\/wp\/v2\/types\/post"}],"author":[{"embeddable":true,"href":"https:\/\/archive.sana.sy\/tr\/index.php?rest_route=\/wp\/v2\/users\/1"}],"replies":[{"embeddable":true,"href":"https:\/\/archive.sana.sy\/tr\/index.php?rest_route=%2Fwp%2Fv2%2Fcomments&post=14789"}],"version-history":[{"count":0,"href":"https:\/\/archive.sana.sy\/tr\/index.php?rest_route=\/wp\/v2\/posts\/14789\/revisions"}],"wp:featuredmedia":[{"embeddable":true,"href":"https:\/\/archive.sana.sy\/tr\/index.php?rest_route=\/wp\/v2\/media\/14791"}],"wp:attachment":[{"href":"https:\/\/archive.sana.sy\/tr\/index.php?rest_route=%2Fwp%2Fv2%2Fmedia&parent=14789"}],"wp:term":[{"taxonomy":"category","embeddable":true,"href":"https:\/\/archive.sana.sy\/tr\/index.php?rest_route=%2Fwp%2Fv2%2Fcategories&post=14789"},{"taxonomy":"post_tag","embeddable":true,"href":"https:\/\/archive.sana.sy\/tr\/index.php?rest_route=%2Fwp%2Fv2%2Ftags&post=14789"}],"curies":[{"name":"wp","href":"https:\/\/api.w.org\/{rel}","templated":true}]}}