{"id":147895,"date":"2018-05-02T15:32:06","date_gmt":"2018-05-02T12:32:06","guid":{"rendered":"https:\/\/www.sana.sy\/tr\/?p=147895"},"modified":"2018-05-02T15:32:06","modified_gmt":"2018-05-02T12:32:06","slug":"sam-kirsalinin-guney-kenarlari-yermuk-bolgesinden-onlarca-teroristi-tasiyan-5-otobus-suriyenin-kuzeyine-gonderildi","status":"publish","type":"post","link":"https:\/\/archive.sana.sy\/tr\/?p=147895","title":{"rendered":"\u015eam k\u0131rsal\u0131n\u0131n g\u00fcney kenarlar\u0131 Yerm\u00fck B\u00f6lgesinden onlarca ter\u00f6risti ta\u015f\u0131yan 5 otob\u00fcs Suriye&#8217;nin kuzeyine g\u00f6nderildi"},"content":{"rendered":"<p>\u015eam k\u0131rsal\u0131n\u0131n g\u00fcney kenarlar\u0131 Yerm\u00fck B\u00f6lgesinden onlarca ter\u00f6risti ta\u015f\u0131yan 5 otob\u00fcs Suriye&#8217;nin kuzeyine g\u00f6nderildi<\/p>\n<p>https:\/\/www.youtube.com\/watch?v=4_KNRSaLARI<\/p>\n","protected":false},"excerpt":{"rendered":"<p>\u015eam k\u0131rsal\u0131n\u0131n g\u00fcney kenarlar\u0131 Yerm\u00fck B\u00f6lgesinden onlarca ter\u00f6risti ta\u015f\u0131yan 5 otob\u00fcs Suriye&#8217;nin kuzeyine g\u00f6nderildi https:\/\/www.youtube.com\/watch?v=4_KNRSaLARI<\/p>\n","protected":false},"author":1,"featured_media":147913,"comment_status":"closed","ping_status":"closed","sticky":false,"template":"","format":"standard","meta":{"footnotes":""},"categories":[18295],"tags":[],"class_list":["post-147895","post","type-post","status-publish","format-standard","has-post-thumbnail","","category-sana-video"],"_links":{"self":[{"href":"https:\/\/archive.sana.sy\/tr\/index.php?rest_route=\/wp\/v2\/posts\/147895","targetHints":{"allow":["GET"]}}],"collection":[{"href":"https:\/\/archive.sana.sy\/tr\/index.php?rest_route=\/wp\/v2\/posts"}],"about":[{"href":"https:\/\/archive.sana.sy\/tr\/index.php?rest_route=\/wp\/v2\/types\/post"}],"author":[{"embeddable":true,"href":"https:\/\/archive.sana.sy\/tr\/index.php?rest_route=\/wp\/v2\/users\/1"}],"replies":[{"embeddable":true,"href":"https:\/\/archive.sana.sy\/tr\/index.php?rest_route=%2Fwp%2Fv2%2Fcomments&post=147895"}],"version-history":[{"count":0,"href":"https:\/\/archive.sana.sy\/tr\/index.php?rest_route=\/wp\/v2\/posts\/147895\/revisions"}],"wp:featuredmedia":[{"embeddable":true,"href":"https:\/\/archive.sana.sy\/tr\/index.php?rest_route=\/wp\/v2\/media\/147913"}],"wp:attachment":[{"href":"https:\/\/archive.sana.sy\/tr\/index.php?rest_route=%2Fwp%2Fv2%2Fmedia&parent=147895"}],"wp:term":[{"taxonomy":"category","embeddable":true,"href":"https:\/\/archive.sana.sy\/tr\/index.php?rest_route=%2Fwp%2Fv2%2Fcategories&post=147895"},{"taxonomy":"post_tag","embeddable":true,"href":"https:\/\/archive.sana.sy\/tr\/index.php?rest_route=%2Fwp%2Fv2%2Ftags&post=147895"}],"curies":[{"name":"wp","href":"https:\/\/api.w.org\/{rel}","templated":true}]}}